{"id":6711,"date":"2022-05-27T10:04:50","date_gmt":"2022-05-27T10:04:50","guid":{"rendered":"https:\/\/tatataaaaa.com\/newklima\/?p=6711"},"modified":"2023-03-15T10:51:53","modified_gmt":"2023-03-15T10:51:53","slug":"des-soulevements-aux-luttes-contre-la-predation-de-leau-dans-le-marais-poitevin","status":"publish","type":"post","link":"https:\/\/tatataaaaa.com\/newklima\/des-soulevements-aux-luttes-contre-la-predation-de-leau-dans-le-marais-poitevin\/","title":{"rendered":"Des soul\u00e8vements                aux luttes contre la pr\u00e9dation de l\u2019eau  dans le Marais Poitevin"},"content":{"rendered":"\n<h2 class=\"wp-block-heading\"><strong>Le Marais Poitevin, un territoire fa\u00e7onn\u00e9 par les dynamiques de l\u2019eau<\/strong><\/h2>\n\n\n\n<div style=\"height:20px\" aria-hidden=\"true\" class=\"wp-block-spacer\"><\/div>\n\n\n\n<h3 class=\"wp-block-heading\"><strong>De la culture du milieu \u2026 <\/strong><\/h3>\n\n\n\n<div style=\"height:20px\" aria-hidden=\"true\" class=\"wp-block-spacer\"><\/div>\n\n\n\n<p>Le Parc naturel r\u00e9gional du Marais Poitevin situ\u00e9 sur les d\u00e9partements de la Vend\u00e9e, des Deux-S\u00e8vres et de la Charente-Maritime s\u2019\u00e9tend sur plus de 96 000 hectares partag\u00e9s entre trois grands ensembles paysagers&nbsp;: le marais mouill\u00e9, le marais ass\u00e9ch\u00e9 et le marais maritime. Fa\u00e7onn\u00e9 par le fonctionnement hydraulique du lieu, ce site <em>Natura 2000<\/em> repr\u00e9sente la deuxi\u00e8me plus grande zone humide de France. Et, si ce titre lui revient, c\u2019est avant tout gr\u00e2ce \u00e0 son interface bien particuli\u00e8re entre le littoral et les terres agricoles, l\u00e0 o\u00f9 l\u2019eau demeure en abondance et lui conf\u00e8re des terres fertiles. Les immenses plaines et \u00e9tendues sont travers\u00e9es par des dynamiques importantes de r\u00e9gulation de l\u2019eau. Elles pr\u00e9sentent aussi des fonctions \u00e9cologiques majeures mais semblent surtout \u00eatre associ\u00e9es \u00e0 l\u2019\u00e9mergence du r\u00eave agricole. C\u2019est ainsi que depuis des si\u00e8cles les communaut\u00e9s humaines ont fa\u00e7onn\u00e9 les paysages et \u00e9labor\u00e9 un syst\u00e8me de r\u00e9seaux hydrauliques afin de r\u00e9guler les variations de pr\u00e9cipitations importantes.<\/p>\n\n\n\n<div style=\"height:20px\" aria-hidden=\"true\" class=\"wp-block-spacer\"><\/div>\n\n\n\n<figure class=\"wp-block-gallery columns-2 is-cropped wp-block-gallery-1 is-layout-flex wp-block-gallery-is-layout-flex\"><ul class=\"blocks-gallery-grid\"><li class=\"blocks-gallery-item\"><figure><img loading=\"lazy\" decoding=\"async\" width=\"1024\" height=\"683\" src=\"https:\/\/tatataaaaa.com\/newklima\/wp-content\/uploads\/2022\/05\/\u00a9-Marie-Ban\u00e2tre-1024x683.jpg\" alt=\"\" data-id=\"6685\" data-full-url=\"https:\/\/tatataaaaa.com\/newklima\/wp-content\/uploads\/2022\/05\/\u00a9-Marie-Ban\u00e2tre-scaled.jpg\" data-link=\"https:\/\/tatataaaaa.com\/newklima\/marie-banatre\/\" class=\"wp-image-6685\" srcset=\"https:\/\/tatataaaaa.com\/newklima\/wp-content\/uploads\/2022\/05\/\u00a9-Marie-Ban\u00e2tre-1024x683.jpg 1024w, https:\/\/tatataaaaa.com\/newklima\/wp-content\/uploads\/2022\/05\/\u00a9-Marie-Ban\u00e2tre-300x200.jpg 300w, https:\/\/tatataaaaa.com\/newklima\/wp-content\/uploads\/2022\/05\/\u00a9-Marie-Ban\u00e2tre-768x512.jpg 768w, https:\/\/tatataaaaa.com\/newklima\/wp-content\/uploads\/2022\/05\/\u00a9-Marie-Ban\u00e2tre-1536x1024.jpg 1536w, https:\/\/tatataaaaa.com\/newklima\/wp-content\/uploads\/2022\/05\/\u00a9-Marie-Ban\u00e2tre-2048x1365.jpg 2048w\" sizes=\"auto, (max-width: 1024px) 100vw, 1024px\" \/><\/figure><\/li><li class=\"blocks-gallery-item\"><figure><img loading=\"lazy\" decoding=\"async\" width=\"1024\" height=\"683\" src=\"https:\/\/tatataaaaa.com\/newklima\/wp-content\/uploads\/2022\/05\/\u00a9-Marie-Ban\u00e2tre_2-1024x683.jpg\" alt=\"\" data-id=\"6683\" data-full-url=\"https:\/\/tatataaaaa.com\/newklima\/wp-content\/uploads\/2022\/05\/\u00a9-Marie-Ban\u00e2tre_2-scaled.jpg\" data-link=\"https:\/\/tatataaaaa.com\/newklima\/marie-banatre_2\/\" class=\"wp-image-6683\" srcset=\"https:\/\/tatataaaaa.com\/newklima\/wp-content\/uploads\/2022\/05\/\u00a9-Marie-Ban\u00e2tre_2-1024x683.jpg 1024w, https:\/\/tatataaaaa.com\/newklima\/wp-content\/uploads\/2022\/05\/\u00a9-Marie-Ban\u00e2tre_2-300x200.jpg 300w, https:\/\/tatataaaaa.com\/newklima\/wp-content\/uploads\/2022\/05\/\u00a9-Marie-Ban\u00e2tre_2-768x512.jpg 768w, https:\/\/tatataaaaa.com\/newklima\/wp-content\/uploads\/2022\/05\/\u00a9-Marie-Ban\u00e2tre_2-1536x1024.jpg 1536w, https:\/\/tatataaaaa.com\/newklima\/wp-content\/uploads\/2022\/05\/\u00a9-Marie-Ban\u00e2tre_2-2048x1365.jpg 2048w\" sizes=\"auto, (max-width: 1024px) 100vw, 1024px\" \/><\/figure><\/li><\/ul><figcaption class=\"blocks-gallery-caption\">\u00a9 Klima . Marie Ban\u00e2tre<\/figcaption><\/figure>\n\n\n\n<h3 class=\"wp-block-heading\"><strong>\u2026 \u00e0 son l\u2019exploitation <\/strong><\/h3>\n\n\n\n<div style=\"height:20px\" aria-hidden=\"true\" class=\"wp-block-spacer\"><\/div>\n\n\n\n<p>\u00c0 partir du X<sup>\u00e8me<\/sup> si\u00e8cle, le marais est d\u00e9coup\u00e9 en deux parties&nbsp;: en amont, la S\u00e8vre compos\u00e9e du marais mouill\u00e9, de digues et de lev\u00e9es&nbsp;; et en aval, du c\u00f4t\u00e9 de La Rochelle, le marais ass\u00e9ch\u00e9 rendu cultivable et p\u00e2turable. Cet am\u00e9nagement complexe permet alors de prot\u00e9ger les marais ass\u00e9ch\u00e9s des crues en rendant inondables les marais mouill\u00e9s. La trajectoire de l\u2019eau est canalis\u00e9e par des syst\u00e8mes de digues et de lev\u00e9es, entretenues historiquement par les paysans et habitants des quelques cabanons r\u00e9partis sur les terres du Marais Poitevin. Naissent alors les premi\u00e8res cultures, puis les premi\u00e8res exploitations, et ce n\u2019est qu\u2019\u00e0 la fin du XIX<sup>\u00e8me <\/sup>si\u00e8cle que les coop\u00e9ratives agricoles sont imagin\u00e9es. Ce syst\u00e8me coop\u00e9ratif permet alors l\u2019affranchissement des paysans des d\u00e9pendances fonci\u00e8res qui se r\u00e9approprient des moyens de production. L&rsquo;\u00e8re de la modernisation et de l\u2019industrialisation entra\u00eene d\u00e8s 1980 l\u2019expansion des exploitations agricoles sur les prairies naturelles du marais, encourag\u00e9e par l\u2019Etat et l\u2019Institut National de la Recherche Agronomique. Ainsi, les cultures c\u00e9r\u00e9ali\u00e8res prosp\u00e8rent et d\u00e9gradent consid\u00e9rablement la qualit\u00e9 des sols jusqu\u2019ici fertiles. Et, c\u2019est pour contrarier cette avanc\u00e9e que la cr\u00e9ation du Parc Naturel R\u00e9gional du Marais Poitevin suscite son ambition de pr\u00e9servation. Seulement, il perdra son label en 1996, manifestation de l\u2019incapacit\u00e9 des modes de gouvernances \u00e0 maintenir une gestion durable du territoire. Depuis, le marais a retrouv\u00e9 son appellation, mais les exploitations ont continu\u00e9 \u00e0 s&rsquo;\u00e9tendre et les multinationales ont remplac\u00e9 les coop\u00e9ratives. L\u2019agro-industrie a succ\u00e9d\u00e9 aux pratiques paysannes et les champs de ma\u00efs prosp\u00e8rent au d\u00e9triment d\u2019une diversit\u00e9 de cultures.&nbsp;<\/p>\n\n\n\n<h2 class=\"wp-block-heading\"><strong>De l\u2019abondance au manque <\/strong><\/h2>\n\n\n\n<div style=\"height:20px\" aria-hidden=\"true\" class=\"wp-block-spacer\"><\/div>\n\n\n\n<h3 class=\"wp-block-heading\"><strong>L\u2019eau, menac\u00e9e par les exploitations agricoles intensives<\/strong><\/h3>\n\n\n\n<div style=\"height:20px\" aria-hidden=\"true\" class=\"wp-block-spacer\"><\/div>\n\n\n\n<p>Depuis l\u2019instauration d\u2019une agriculture intensive et gourmande en eau, les nappes phr\u00e9atiques s\u2019\u00e9puisent et les sols s\u2019appauvrissent. En effet, depuis les ann\u00e9es 90, les cultures de ma\u00efs sollicitent de mani\u00e8re consid\u00e9rable la ressource en eau. Mais \u00e0 force de drainage, de pompage et d\u2019irrigation des exploitations, le marais s\u2019ass\u00e8che, les sols se st\u00e9rilisent et le syst\u00e8me hydrologique local est mis \u00e0 mal. Face \u00e0 l\u2019essor de l\u2019agro-industrie responsable de sa rar\u00e9faction, la loi du 30 d\u00e9cembre 2006 inscrit l\u2019eau comme ressource et bien commun, accessible \u00e0 tous. Celle-ci promeut la transparence de sa gestion par les services publics et met en place des contr\u00f4les vis-\u00e0-vis de sa consommation. Par la suite, la Pr\u00e9fecture des Deux-S\u00e8vres prend des mesures de restrictions et d\u00e9ploie des arr\u00eat\u00e9s appelant \u00e0 la pr\u00e9servation des ressources en eau dans le marais. Cependant, celles-ci ne sont pas souvent respect\u00e9es. Les coop\u00e9rations entre les marais mouill\u00e9s et ass\u00e9ch\u00e9s sont perturb\u00e9es, les nappes souterraines n\u2019ont jamais \u00e9t\u00e9 aussi basses, le d\u00e9bit des cours d\u2019eau est de plus en plus faible tandis que la r\u00e9gion est soumise \u00e0 des variations de pr\u00e9cipitations importantes. C\u2019est ce qu\u2019affirme l\u2019Agence R\u00e9gionale de la Biodiversit\u00e9 de la Nouvelle-Aquitaine dans son dernier rapport datant de f\u00e9vrier 2022, le territoire du Marais Poitevin est de plus en plus expos\u00e9 aux al\u00e9as climatiques. Tiraill\u00e9 entre terre et oc\u00e9an, les risques de crues et de submersion marine en p\u00e9riode hivernale concurrencent avec la p\u00e9riode de s\u00e9cheresse estivale.<\/p>\n\n\n\n<div style=\"height:20px\" aria-hidden=\"true\" class=\"wp-block-spacer\"><\/div>\n\n\n\n<figure class=\"wp-block-gallery columns-3 is-cropped wp-block-gallery-2 is-layout-flex wp-block-gallery-is-layout-flex\"><ul class=\"blocks-gallery-grid\"><li class=\"blocks-gallery-item\"><figure><img loading=\"lazy\" decoding=\"async\" width=\"500\" height=\"375\" src=\"https:\/\/tatataaaaa.com\/newklima\/wp-content\/uploads\/2022\/06\/Philippe-Veniel.jpeg\" alt=\"\" data-id=\"6823\" data-link=\"https:\/\/tatataaaaa.com\/newklima\/des-soulevements-aux-luttes-contre-la-predation-de-leau-dans-le-marais-poitevin\/philippe-veniel\/\" class=\"wp-image-6823\" srcset=\"https:\/\/tatataaaaa.com\/newklima\/wp-content\/uploads\/2022\/06\/Philippe-Veniel.jpeg 500w, https:\/\/tatataaaaa.com\/newklima\/wp-content\/uploads\/2022\/06\/Philippe-Veniel-300x225.jpeg 300w\" sizes=\"auto, (max-width: 500px) 100vw, 500px\" \/><\/figure><\/li><li class=\"blocks-gallery-item\"><figure><img loading=\"lazy\" decoding=\"async\" width=\"500\" height=\"375\" src=\"https:\/\/tatataaaaa.com\/newklima\/wp-content\/uploads\/2022\/06\/PNR-Marais-Poitevin.jpeg\" alt=\"\" data-id=\"6828\" data-full-url=\"https:\/\/tatataaaaa.com\/newklima\/wp-content\/uploads\/2022\/06\/PNR-Marais-Poitevin.jpeg\" data-link=\"https:\/\/tatataaaaa.com\/newklima\/des-soulevements-aux-luttes-contre-la-predation-de-leau-dans-le-marais-poitevin\/pnr-marais-poitevin-3\/\" class=\"wp-image-6828\" srcset=\"https:\/\/tatataaaaa.com\/newklima\/wp-content\/uploads\/2022\/06\/PNR-Marais-Poitevin.jpeg 500w, https:\/\/tatataaaaa.com\/newklima\/wp-content\/uploads\/2022\/06\/PNR-Marais-Poitevin-300x225.jpeg 300w\" sizes=\"auto, (max-width: 500px) 100vw, 500px\" \/><\/figure><\/li><li class=\"blocks-gallery-item\"><figure><img loading=\"lazy\" decoding=\"async\" width=\"1024\" height=\"681\" src=\"https:\/\/tatataaaaa.com\/newklima\/wp-content\/uploads\/2022\/05\/Thierry-creux-1024x681.jpg\" alt=\"\" data-id=\"6753\" class=\"wp-image-6753\" srcset=\"https:\/\/tatataaaaa.com\/newklima\/wp-content\/uploads\/2022\/05\/Thierry-creux-1024x681.jpg 1024w, https:\/\/tatataaaaa.com\/newklima\/wp-content\/uploads\/2022\/05\/Thierry-creux-300x200.jpg 300w, https:\/\/tatataaaaa.com\/newklima\/wp-content\/uploads\/2022\/05\/Thierry-creux-768x511.jpg 768w, https:\/\/tatataaaaa.com\/newklima\/wp-content\/uploads\/2022\/05\/Thierry-creux.jpg 1260w\" sizes=\"auto, (max-width: 1024px) 100vw, 1024px\" \/><\/figure><\/li><\/ul><figcaption class=\"blocks-gallery-caption\">\u00a9 PhilippeVeniel \/ \u00a9 Thierry Creux<\/figcaption><\/figure>\n\n\n\n<h3 class=\"wp-block-heading\"><strong>Et le milieu entre en d\u00e9s\u00e9quilibre <\/strong><\/h3>\n\n\n\n<div style=\"height:20px\" aria-hidden=\"true\" class=\"wp-block-spacer\"><\/div>\n\n\n\n<p>Le Marais Poitevin abrite une grande vari\u00e9t\u00e9 de paysages naturels et accueille de nombreux \u00e9cosyst\u00e8mes et esp\u00e8ces, parmi elles, des oiseaux migrateurs tels que le h\u00e9ron ou le martin-p\u00eacheur. Les changements climatiques dont les cons\u00e9quences sont accentu\u00e9es localement par l\u2019exploitation agricole et la consommation d\u00e9raisonnable de l\u2019eau, ont transform\u00e9 les marais ass\u00e9ch\u00e9s en d\u00e9serts agricoles. La r\u00e9partition s\u00e9quentielle des intemp\u00e9ries fragilisent les digues et les lev\u00e9es en p\u00e9riode de pluies et de crues hivernales jusqu\u2019\u00e0 la rupture de certaines. Et, le d\u00e9s\u00e9quilibre de ces installations, d\u00e9gradent consid\u00e9rablement les paysages et le patrimoine biologique des marais. A titre d\u2019exemple, l\u2019Etat est condamn\u00e9 en 2009, par la Cour europ\u00e9enne, pour non-respect de la directive oiseaux qui promeut la protection des esp\u00e8ces d&rsquo;oiseaux sauvages. Aussi, les fr\u00eanes t\u00eatard, arbres embl\u00e9matiques du Parc naturel r\u00e9gional tendent \u00e0 dispara\u00eetre, particuli\u00e8rement touch\u00e9s par la chalarose, un champignon prolif\u00e9rant plus facilement par le r\u00e9chauffement des temp\u00e9ratures. C\u2019est aussi le cas des lentilles vertes, ces v\u00e9g\u00e9taux aquatiques qui se propagent et eutrophisent les eaux du marais emp\u00eachant le d\u00e9veloppement d\u2019autres esp\u00e8ces. La perturbation des milieux mouill\u00e9s et ass\u00e9ch\u00e9s entra\u00eenent un appauvrissement de la biodiversit\u00e9 et un d\u00e9s\u00e9quilibre important au sein des \u00e9cosyst\u00e8mes. \u00c0 l\u2019heure de la p\u00e9nurie, les ressources en eau se font de plus en plus rares, les quelques restes souvent pollu\u00e9s ou accapar\u00e9s par les puissances agricoles n\u2019atteignent pas seulement les productions mais des \u00e9cosyst\u00e8mes entiers, dont nous faisons partie.&nbsp;<\/p>\n\n\n\n<div style=\"height:20px\" aria-hidden=\"true\" class=\"wp-block-spacer\"><\/div>\n\n\n\n<h2 class=\"wp-block-heading\"><strong>Lorsque s\u2019affrontent deux visions du monde <\/strong><\/h2>\n\n\n\n<div style=\"height:20px\" aria-hidden=\"true\" class=\"wp-block-spacer\"><\/div>\n\n\n\n<p>Le Marais Poitevin est travers\u00e9 depuis bient\u00f4t 2000 ans par des conflits de l\u2019eau li\u00e9s \u00e0 ses usages. Il doit d\u2019ailleurs son paysage si particulier \u00e0 la canalisation de ses marais. L\u2019eau prosp\u00e8re alors en abondance, mais lorsque la ressource vient \u00e0 manquer, les conflits en sont exacerb\u00e9s. En ce sens, le projet d\u2019implantation des m\u00e9ga-bassines dans le marais illustre alors pleinement l\u2019ampleur des tensions entretenues entre une vision agro-industrielle qui privatise une ressource commune dans l&rsquo;urgence climatique, et une vision paysanne pr\u00f4nant plut\u00f4t la diversit\u00e9 du vivant et la protection voire le partage de la gestion des biens communs. <\/p>\n\n\n\n<div style=\"height:20px\" aria-hidden=\"true\" class=\"wp-block-spacer\"><\/div>\n\n\n\n<h3 class=\"wp-block-heading\"><strong>P\u00e9renniser un mod\u00e8le agricole destructeur&nbsp;: des bassines pour l\u2019agro-industrie&nbsp;? <\/strong><\/h3>\n\n\n\n<div style=\"height:20px\" aria-hidden=\"true\" class=\"wp-block-spacer\"><\/div>\n\n\n\n<p>\u201cEn r\u00e9ponse aux d\u00e9fis des changements climatiques\u201d dans le Marais Poitevin, la Coop\u00e9rative de l\u2019eau et le Minist\u00e8re de l\u2019Agriculture entreprennent un projet d&rsquo;\u00e9laboration de seize retenues de substitution ou <em>M\u00e9ga Bassines<\/em>, comme pr\u00e9f\u00e8rent les appeler les militants. Pr\u00e9sent\u00e9 il y a plus de dix ans comme un \u00e9l\u00e9ment de r\u00e9solution face \u00e0 la rar\u00e9faction de la ressource en eau, ce projet semble plut\u00f4t prot\u00e9ger les int\u00e9r\u00eats des grandes exploitations c\u00e9r\u00e9ali\u00e8res. Ce sont donc 16 crat\u00e8res de 8 m\u00e8tres de profondeur et entre 8 et 18 hectares chacun qui devraient appara\u00eetre dans les prairies du marais prochainement. Pour le moment, une seule des bassines du projet a \u00e9t\u00e9 construite enti\u00e8rement et se remplit depuis le d\u00e9but de l\u2019ann\u00e9e. Selon les syndicats des irrigants, ces bassines de r\u00e9tention permettraient de <em>\u201cpallier \u00e0 la r\u00e9partition in\u00e9gale des pr\u00e9cipitations durant l\u2019ann\u00e9e\u201d<\/em>, en stockant dans des bassins les eaux de pluie d\u2019hiver, mais aussi en pr\u00e9levant l\u2019eau des nappes phr\u00e9atiques. Une fois en surface, elle pourrait alors irriguer les immenses champs de ma\u00efs, tr\u00e8s gourmands en eau.&nbsp;<\/p>\n\n\n\n<div style=\"height:20px\" aria-hidden=\"true\" class=\"wp-block-spacer\"><\/div>\n\n\n\n<figure class=\"wp-block-gallery columns-2 is-cropped wp-block-gallery-3 is-layout-flex wp-block-gallery-is-layout-flex\"><ul class=\"blocks-gallery-grid\"><li class=\"blocks-gallery-item\"><figure><img loading=\"lazy\" decoding=\"async\" width=\"960\" height=\"720\" src=\"https:\/\/tatataaaaa.com\/newklima\/wp-content\/uploads\/2022\/05\/bassines.jpeg\" alt=\"\" data-id=\"6669\" data-full-url=\"https:\/\/tatataaaaa.com\/newklima\/wp-content\/uploads\/2022\/05\/bassines.jpeg\" data-link=\"https:\/\/tatataaaaa.com\/newklima\/bassines\/\" class=\"wp-image-6669\" srcset=\"https:\/\/tatataaaaa.com\/newklima\/wp-content\/uploads\/2022\/05\/bassines.jpeg 960w, https:\/\/tatataaaaa.com\/newklima\/wp-content\/uploads\/2022\/05\/bassines-300x225.jpeg 300w, https:\/\/tatataaaaa.com\/newklima\/wp-content\/uploads\/2022\/05\/bassines-768x576.jpeg 768w\" sizes=\"auto, (max-width: 960px) 100vw, 960px\" \/><\/figure><\/li><li class=\"blocks-gallery-item\"><figure><img loading=\"lazy\" decoding=\"async\" width=\"1024\" height=\"512\" src=\"https:\/\/tatataaaaa.com\/newklima\/wp-content\/uploads\/2022\/05\/\u00a9-Yohan-Bonnet-1024x512.jpg\" alt=\"\" data-id=\"6701\" data-full-url=\"https:\/\/tatataaaaa.com\/newklima\/wp-content\/uploads\/2022\/05\/\u00a9-Yohan-Bonnet.jpg\" data-link=\"https:\/\/tatataaaaa.com\/newklima\/thierry-boudaud-bassine-de-mauze-sur-le-mignon-4\/\" class=\"wp-image-6701\" srcset=\"https:\/\/tatataaaaa.com\/newklima\/wp-content\/uploads\/2022\/05\/\u00a9-Yohan-Bonnet-1024x512.jpg 1024w, https:\/\/tatataaaaa.com\/newklima\/wp-content\/uploads\/2022\/05\/\u00a9-Yohan-Bonnet-300x150.jpg 300w, https:\/\/tatataaaaa.com\/newklima\/wp-content\/uploads\/2022\/05\/\u00a9-Yohan-Bonnet-768x384.jpg 768w, https:\/\/tatataaaaa.com\/newklima\/wp-content\/uploads\/2022\/05\/\u00a9-Yohan-Bonnet-1536x768.jpg 1536w, https:\/\/tatataaaaa.com\/newklima\/wp-content\/uploads\/2022\/05\/\u00a9-Yohan-Bonnet.jpg 2048w\" sizes=\"auto, (max-width: 1024px) 100vw, 1024px\" \/><\/figure><\/li><\/ul><figcaption class=\"blocks-gallery-caption\">\u00a9 Yohan Bonnet<\/figcaption><\/figure>\n\n\n\n<p>Alors que l\u2019installation de ces bassines semble d\u00e9grader une fois de plus le paysage et la biodiversit\u00e9 du marais, les puissances agricoles s&rsquo;accaparent largement les ressources en eau. Port\u00e9 par la Coop\u00e9rative de l\u2019eau et quelques agriculteurs locaux, cette initiative pr\u00e9tend en effet respecter les codes et arr\u00eat\u00e9s pr\u00e9fectoraux li\u00e9s \u00e0 la consommation de la ressource mais n\u2019est pas pour autant appr\u00e9ci\u00e9e par la majorit\u00e9. Au service exclusif d\u2019un syst\u00e8me \u00e9conomique d\u2019exploitation, les bassines souvent surdimensionn\u00e9es, encouragent les pratiques agricoles industrielles. Leur installation soul\u00e8ve aussi la probl\u00e9matique de l\u2019acc\u00e8s in\u00e9gal \u00e0 la ressource entre les agriculteurs, quels sont ceux qui auront acc\u00e8s aux <em>M\u00e9ga-bassines<\/em> et que feront ceux qui seront priv\u00e9s d\u2019un partage \u00e9quitable&nbsp;?&nbsp;<\/p>\n\n\n\n<p>Mais tandis que l\u2019eau en surface, stock\u00e9e dans ces immenses crat\u00e8res simule une prosp\u00e9rit\u00e9, les bassins versants et nappes phr\u00e9atiques sont, eux, ass\u00e9ch\u00e9s. En effet, l&rsquo;accaparement de l\u2019eau des nappes phr\u00e9atiques brise la connexion des nappes aux rivi\u00e8res et cours d&rsquo;eau, les exposant \u00e0 un risque \u00e9lev\u00e9 d\u2019aridification des terres. Et cette s\u00e9cheresse constitue un danger important pour les \u00e9cosyst\u00e8mes du Marais Poitevin qui d\u00e9pendent de son \u00e9quilibre. Malgr\u00e9 les documents de planification qui stipulent que les ponctions agricoles ne doivent \u00eatre praticables que dans le respect des \u00e9quilibres naturels, l\u2019implantation de ces bassines cultive une v\u00e9ritable politique de substitution. Stocker l\u2019eau se fera alors au d\u00e9triment des milieux aquatiques ass\u00e9ch\u00e9s et de la consommation en eau potable des populations locales. En d\u00e9jouant ces arr\u00eat\u00e9s pr\u00e9fectoraux, les bassines refusent de \u201c<em>c\u00e9der l\u2019eau \u00e0 l\u2019oc\u00e9an\u201d<\/em> et entretiennent un mod\u00e8le similaire au mod\u00e8le californien qui cr\u00e9e des situations privil\u00e9gi\u00e9es entre les occupants du territoire. C\u2019est ce qu\u2019affirme l\u2019hydrologue Emma Haziza qui d\u00e9nonce le syst\u00e8me de gestion de crise mis en vigueur par les institutions. &nbsp; <\/p>\n\n\n\n<p>Ainsi, les bassines semblent nuire en tous points au milieu et \u00e0 ses occupants, alors qu\u2019elles pr\u00e9sentent m\u00eame d\u2019autres limites \u00e0 leur utilisation, selon Christian Amblard, chercheur au CNRS. Il pointe la faiblesse d\u2019un tel syst\u00e8me qui, en ramenant l\u2019eau \u00e0 la surface, contribue surtout \u00e0 son \u00e9vaporation et \u00e0 la perte de sa qualit\u00e9 par le d\u00e9veloppement de micro-organismes encourag\u00e9s par sa stagnation. <\/p>\n\n\n\n<div style=\"height:20px\" aria-hidden=\"true\" class=\"wp-block-spacer\"><\/div>\n\n\n\n<h3 class=\"wp-block-heading\"><strong>Le marais militant, lutter pour la d\u00e9fense du milieu&nbsp;<\/strong><em> <\/em><\/h3>\n\n\n\n<div style=\"height:20px\" aria-hidden=\"true\" class=\"wp-block-spacer\"><\/div>\n\n\n\n<p>Lorsque les puissances agricoles, soutenues par les lobbys et les institutions, s\u2019accaparent les ressources en eau, les occupants du territoire se retrouvent priv\u00e9s d\u2019un bien qui rel\u00e8ve des Communs. L\u2019implantation de la premi\u00e8re bassine agricole \u00e0 Mauz\u00e9-sur-le-Mignon, \u00e0 mi-chemin entre la Zone \u00e0 D\u00e9fendre de Notre-Dame des Landes et le plateau de Millevaches, convoque alors un h\u00e9ritage militant consid\u00e9rable. Et, malgr\u00e9 la pression constante des irrigants et des autorit\u00e9s, les citoyens et agriculteurs s\u2019organisent, non pas seulement pour leurs propres int\u00e9r\u00eats mais pour l\u2019\u00e9quilibre et la d\u00e9fense d\u2019un milieu, d\u2019un \u00e9cosyst\u00e8me. Dans la r\u00e9gion, de nombreuses autres mobilisations ont nourri une culture militante entretenue par des organisations habitantes, qui, face aux moyens d\u00e9ploy\u00e9s par les autorit\u00e9s, tendent \u00e0 se radicaliser. C\u2019est le cas de la Zone \u00e0 D\u00e9fendre du Carnet, situ\u00e9e sur la rive gauche de l\u2019estuaire de la Loire, les zadistes militent depuis ao\u00fbt 2020 contre le projet d\u2019am\u00e9nagement du Grand port maritime de Nantes-Saint-Nazaire. Chaque jour, ils luttent alors pour la protection de la biodiversit\u00e9 des zones humides, essentielle \u00e0 la r\u00e9gulation des crues et \u00e0 la pr\u00e9servation des littoraux, jusqu\u2019\u00e0 l\u2019\u00e9vacuation de la zad le 23 mars 2021. Localement, de multiples mouvements de r\u00e9sistance se dessinent et d\u00e9passent les logiques individualistes habituelles.&nbsp;<\/p>\n\n\n\n<div style=\"height:20px\" aria-hidden=\"true\" class=\"wp-block-spacer\"><\/div>\n\n\n\n<figure class=\"wp-block-gallery columns-2 is-cropped wp-block-gallery-4 is-layout-flex wp-block-gallery-is-layout-flex\"><ul class=\"blocks-gallery-grid\"><li class=\"blocks-gallery-item\"><figure><img loading=\"lazy\" decoding=\"async\" width=\"720\" height=\"476\" src=\"https:\/\/tatataaaaa.com\/newklima\/wp-content\/uploads\/2022\/05\/\u00a9-Corentin-FohlenReporterre.jpg\" alt=\"\" data-id=\"6691\" data-full-url=\"https:\/\/tatataaaaa.com\/newklima\/wp-content\/uploads\/2022\/05\/\u00a9-Corentin-FohlenReporterre.jpg\" data-link=\"https:\/\/tatataaaaa.com\/newklima\/corentin-fohlenreporterre-2\/\" class=\"wp-image-6691\" srcset=\"https:\/\/tatataaaaa.com\/newklima\/wp-content\/uploads\/2022\/05\/\u00a9-Corentin-FohlenReporterre.jpg 720w, https:\/\/tatataaaaa.com\/newklima\/wp-content\/uploads\/2022\/05\/\u00a9-Corentin-FohlenReporterre-300x198.jpg 300w\" sizes=\"auto, (max-width: 720px) 100vw, 720px\" \/><\/figure><\/li><li class=\"blocks-gallery-item\"><figure><img loading=\"lazy\" decoding=\"async\" width=\"1024\" height=\"516\" src=\"https:\/\/tatataaaaa.com\/newklima\/wp-content\/uploads\/2022\/05\/5d85785416d23bb53c8b46a8-1024x516.jpeg\" alt=\"\" data-id=\"6671\" data-full-url=\"https:\/\/tatataaaaa.com\/newklima\/wp-content\/uploads\/2022\/05\/5d85785416d23bb53c8b46a8-scaled.jpeg\" data-link=\"https:\/\/tatataaaaa.com\/newklima\/bassines-2\/\" class=\"wp-image-6671\" srcset=\"https:\/\/tatataaaaa.com\/newklima\/wp-content\/uploads\/2022\/05\/5d85785416d23bb53c8b46a8-1024x516.jpeg 1024w, https:\/\/tatataaaaa.com\/newklima\/wp-content\/uploads\/2022\/05\/5d85785416d23bb53c8b46a8-300x151.jpeg 300w, https:\/\/tatataaaaa.com\/newklima\/wp-content\/uploads\/2022\/05\/5d85785416d23bb53c8b46a8-768x387.jpeg 768w, https:\/\/tatataaaaa.com\/newklima\/wp-content\/uploads\/2022\/05\/5d85785416d23bb53c8b46a8-1536x774.jpeg 1536w, https:\/\/tatataaaaa.com\/newklima\/wp-content\/uploads\/2022\/05\/5d85785416d23bb53c8b46a8-2048x1033.jpeg 2048w\" sizes=\"auto, (max-width: 1024px) 100vw, 1024px\" \/><\/figure><\/li><li class=\"blocks-gallery-item\"><figure><img loading=\"lazy\" decoding=\"async\" width=\"1024\" height=\"683\" src=\"https:\/\/tatataaaaa.com\/newklima\/wp-content\/uploads\/2022\/05\/\u00a9-Quentin-Vernault-_-Reporterre_3-1024x683.jpeg\" alt=\"\" data-id=\"6705\" data-full-url=\"https:\/\/tatataaaaa.com\/newklima\/wp-content\/uploads\/2022\/05\/\u00a9-Quentin-Vernault-_-Reporterre_3.jpeg\" data-link=\"https:\/\/tatataaaaa.com\/newklima\/quentin-vernault-_-reporterre_3\/\" class=\"wp-image-6705\" srcset=\"https:\/\/tatataaaaa.com\/newklima\/wp-content\/uploads\/2022\/05\/\u00a9-Quentin-Vernault-_-Reporterre_3-1024x683.jpeg 1024w, https:\/\/tatataaaaa.com\/newklima\/wp-content\/uploads\/2022\/05\/\u00a9-Quentin-Vernault-_-Reporterre_3-300x200.jpeg 300w, https:\/\/tatataaaaa.com\/newklima\/wp-content\/uploads\/2022\/05\/\u00a9-Quentin-Vernault-_-Reporterre_3-768x512.jpeg 768w, https:\/\/tatataaaaa.com\/newklima\/wp-content\/uploads\/2022\/05\/\u00a9-Quentin-Vernault-_-Reporterre_3.jpeg 1200w\" sizes=\"auto, (max-width: 1024px) 100vw, 1024px\" \/><\/figure><\/li><\/ul><figcaption class=\"blocks-gallery-caption\">\u00a9 reporterre<\/figcaption><\/figure>\n\n\n\n<p>De ces revendications, les luttes convergent dans le Marais Poitevin, des organisations habitantes se cr\u00e9\u00e9es et de nombreuses actions radicales sont alors men\u00e9es par<em> Les Soul\u00e8vements de la Terre<\/em>, le collectif<em> Bassines Non Merci<\/em> et la <em>Conf\u00e9d\u00e9ration Paysanne<\/em>. Le co\u00fbt global est estim\u00e9 \u00e0 plus de 60 millions d\u2019euros pour la r\u00e9alisation du projet des bassines agricoles qui soutiennent des cultures destin\u00e9es \u00e0 l&rsquo;exportation afin d\u2019alimenter les \u00e9levages ou produire du biogaz. Alors que 70% sont financ\u00e9s par des fonds publics, autant de moyens auraient pu financer l\u2019accompagnement de la transition du syst\u00e8me agricole plut\u00f4t que de d\u00e9t\u00e9riorer davantage un syst\u00e8me \u00e0 bout de souffle. Les opposants d\u00e9noncent une fuite en avant du mod\u00e8le agricole intensif qui perp\u00e9tue ses pratiques plut\u00f4t que de les modifier. Le mouvement anti-bassine s&rsquo;oppose radicalement \u00e0 ce projet et propose une gestion de l\u2019eau territoriale pour une gouvernance citoyenne. Alors que le pilotage de la ressource est r\u00e9alis\u00e9 par un ensemble d&rsquo;acteurs priv\u00e9s, les habitants et acteurs du territoire questionnent sa gestion appropri\u00e9e mais aussi la destination de l\u2019eau retenue&nbsp;: va-t-elle de nouveau servir un mod\u00e8le de production agricole intensif ou plut\u00f4t favoriser la transition agricole&nbsp;?&nbsp;&nbsp;<\/p>\n\n\n\n<p>Ainsi, les militants s\u2019opposent \u00e0 la logique substitutive avanc\u00e9e par le Minist\u00e8re de l\u2019Agriculture et les quelques syndicats d\u2019exploitants agricoles, en proposant une reconception du syst\u00e8me agro-\u00e9cologique, autrement dit, le changement global de l\u2019agrosyst\u00e8me. C\u2019est ce que traduit Vincent Bretagnolle, directeur de recherche au CNRS de Chiz\u00e9, par l\u2019adaptation des activit\u00e9s agricoles pour des solidarit\u00e9s territoriales. Plut\u00f4t que de pr\u00e9lever l\u2019eau des nappes phr\u00e9atiques destin\u00e9e \u00e0 nourrir les cultures intensives, il sugg\u00e8re une mutation des pratiques (agroforesterie, agro\u00e9cologie \u2026) pour, au contraire, retenir l\u2019eau dans les sols. Les syst\u00e8mes d\u2019irrigation en vigueur, d\u00e9nonc\u00e9s par la Conf\u00e9d\u00e9ration Paysanne, ne font qu\u2019accentuer les risques pour le milieu et ses occupants, alors que les militants pr\u00f4nent la gestion collective de la ressource. <\/p>\n\n\n\n<div style=\"height:20px\" aria-hidden=\"true\" class=\"wp-block-spacer\"><\/div>\n\n\n\n<h3 class=\"wp-block-heading\"><strong>D\u2019une lutte locale \u00e0 un mouvement de r\u00e9sistance contre la pr\u00e9dation de l\u2019eau <\/strong><\/h3>\n\n\n\n<div style=\"height:20px\" aria-hidden=\"true\" class=\"wp-block-spacer\"><\/div>\n\n\n\n<p>D\u00e8s le 6 novembre 2021, les manifestants se r\u00e9unissent pour d\u00e9noncer et faire obstacle \u00e0 la poursuite du premier chantier de retenue. Plus de 3000 personnes, agriculteurs, habitants et acteurs du territoire d\u00e9filent, escort\u00e9s par une trentaine de tracteurs sur les terres de Mauz\u00e9-sur-le-Mignon. Une v\u00e9ritable culture de la lutte est entretenue, des vid\u00e9os montrant le sabotage des pompes circulent. Les organisations, soumises au pouvoir d\u00e9mesur\u00e9 de leurs adversaires, se solidarisent et n\u00e9gocient depuis une dizaine d\u2019ann\u00e9es avec les agriculteurs et les institutions. C\u2019est d\u2019ailleurs apr\u00e8s 14 ans de proc\u00e9dure que la Conf\u00e9d\u00e9ration Paysanne obtiendra le 17 mai dernier l\u2019annulation d\u2019un arr\u00eat\u00e9 pr\u00e9fectoral autorisant la construction de cinq bassines, sous la pression constante des irrigants. Puis, les luttes et revendications ont d\u00e9pass\u00e9 l\u2019ampleur r\u00e9gionale.<\/p>\n\n\n\n<div style=\"height:20px\" aria-hidden=\"true\" class=\"wp-block-spacer\"><\/div>\n\n\n\n<figure class=\"wp-block-gallery columns-3 is-cropped wp-block-gallery-5 is-layout-flex wp-block-gallery-is-layout-flex\"><ul class=\"blocks-gallery-grid\"><li class=\"blocks-gallery-item\"><figure><img loading=\"lazy\" decoding=\"async\" width=\"1024\" height=\"576\" src=\"https:\/\/tatataaaaa.com\/newklima\/wp-content\/uploads\/2022\/06\/\u00a9-Victoria-Berni_4-1024x576.jpeg\" alt=\"\" data-id=\"6816\" data-full-url=\"https:\/\/tatataaaaa.com\/newklima\/wp-content\/uploads\/2022\/06\/\u00a9-Victoria-Berni_4.jpeg\" data-link=\"https:\/\/tatataaaaa.com\/newklima\/des-soulevements-aux-luttes-contre-la-predation-de-leau-dans-le-marais-poitevin\/victoria-berni_4-2\/\" class=\"wp-image-6816\" srcset=\"https:\/\/tatataaaaa.com\/newklima\/wp-content\/uploads\/2022\/06\/\u00a9-Victoria-Berni_4-1024x576.jpeg 1024w, https:\/\/tatataaaaa.com\/newklima\/wp-content\/uploads\/2022\/06\/\u00a9-Victoria-Berni_4-300x169.jpeg 300w, https:\/\/tatataaaaa.com\/newklima\/wp-content\/uploads\/2022\/06\/\u00a9-Victoria-Berni_4-768x432.jpeg 768w, https:\/\/tatataaaaa.com\/newklima\/wp-content\/uploads\/2022\/06\/\u00a9-Victoria-Berni_4.jpeg 1280w\" sizes=\"auto, (max-width: 1024px) 100vw, 1024px\" \/><\/figure><\/li><li class=\"blocks-gallery-item\"><figure><img loading=\"lazy\" decoding=\"async\" width=\"1024\" height=\"768\" src=\"https:\/\/tatataaaaa.com\/newklima\/wp-content\/uploads\/2022\/05\/\u00a9-R\u00e9mi-Barroux-1024x768.jpg\" alt=\"\" data-id=\"6720\" data-full-url=\"https:\/\/tatataaaaa.com\/newklima\/wp-content\/uploads\/2022\/05\/\u00a9-R\u00e9mi-Barroux.jpg\" data-link=\"https:\/\/tatataaaaa.com\/newklima\/remi-barroux\/\" class=\"wp-image-6720\" srcset=\"https:\/\/tatataaaaa.com\/newklima\/wp-content\/uploads\/2022\/05\/\u00a9-R\u00e9mi-Barroux-1024x768.jpg 1024w, https:\/\/tatataaaaa.com\/newklima\/wp-content\/uploads\/2022\/05\/\u00a9-R\u00e9mi-Barroux-300x225.jpg 300w, https:\/\/tatataaaaa.com\/newklima\/wp-content\/uploads\/2022\/05\/\u00a9-R\u00e9mi-Barroux-768x576.jpg 768w, https:\/\/tatataaaaa.com\/newklima\/wp-content\/uploads\/2022\/05\/\u00a9-R\u00e9mi-Barroux.jpg 1328w\" sizes=\"auto, (max-width: 1024px) 100vw, 1024px\" \/><\/figure><\/li><li class=\"blocks-gallery-item\"><figure><img loading=\"lazy\" decoding=\"async\" width=\"1024\" height=\"768\" src=\"https:\/\/tatataaaaa.com\/newklima\/wp-content\/uploads\/2022\/05\/\u00a9-R\u00e9mi-Barroux_2-1024x768.jpg\" alt=\"\" data-id=\"6719\" data-full-url=\"https:\/\/tatataaaaa.com\/newklima\/wp-content\/uploads\/2022\/05\/\u00a9-R\u00e9mi-Barroux_2.jpg\" data-link=\"https:\/\/tatataaaaa.com\/newklima\/remi-barroux_2\/\" class=\"wp-image-6719\" srcset=\"https:\/\/tatataaaaa.com\/newklima\/wp-content\/uploads\/2022\/05\/\u00a9-R\u00e9mi-Barroux_2-1024x768.jpg 1024w, https:\/\/tatataaaaa.com\/newklima\/wp-content\/uploads\/2022\/05\/\u00a9-R\u00e9mi-Barroux_2-300x225.jpg 300w, https:\/\/tatataaaaa.com\/newklima\/wp-content\/uploads\/2022\/05\/\u00a9-R\u00e9mi-Barroux_2-768x576.jpg 768w, https:\/\/tatataaaaa.com\/newklima\/wp-content\/uploads\/2022\/05\/\u00a9-R\u00e9mi-Barroux_2.jpg 1328w\" sizes=\"auto, (max-width: 1024px) 100vw, 1024px\" \/><\/figure><\/li><\/ul><figcaption class=\"blocks-gallery-caption\">\u00a9 Victoria Berni \/ \u00a9 R\u00e9mi Barroux<\/figcaption><\/figure>\n\n\n\n<p>Tandis que les institutions tentent de d\u00e9cr\u00e9dibiliser les alternatives, les militants n\u2019h\u00e9sitent plus \u00e0 faire acte de d\u00e9sob\u00e9issance civile. En ce sens, des manifestants venus de toute la France se sont largement mobilis\u00e9s contre les m\u00e9ga-bassines \u00e0 la Rochenard, en mars dernier (25, 26, 27 mars 2022), malgr\u00e9 de nombreux arr\u00eat\u00e9s pr\u00e9fectoraux et dispositifs policiers mis en place. Rassembl\u00e9es par <em>Les Soul\u00e8vements de la Terre<\/em>, le collectif <em>Bassines Non Merci<\/em> et la <em>Conf\u00e9d\u00e9ration Paysanne<\/em>, plus de 7000 personnes ont fait face aux 2000 membres policiers d\u00e9ploy\u00e9s par les forces de l\u2019ordre. Alors que plus de 3 millions d\u2019euros ont \u00e9t\u00e9 investis dans la \u201cdissuasion\u201d de l\u2019\u00e9v\u00e9nement (installation de dispositifs de surveillance vid\u00e9o, arr\u00eat\u00e9s pr\u00e9fectoraux sur la circulation des engins agricoles\u2026), les militants sont parvenus \u00e0 d\u00e9sarmer plusieurs canalisations mais aussi \u00e0 construire un v\u00e9ritable mouvement de r\u00e9sistance. Et alors que la gestion de la ressource en eau est symptomatique d\u2019un d\u00e9chirement social, la lutte collective g\u00e9n\u00e9r\u00e9e interroge une possible entente entre les institutions et les citoyens. <\/p>\n\n\n\n<blockquote class=\"wp-block-quote is-style-large is-layout-flow wp-block-quote-is-layout-flow\"><p>\u201c<em>Peut-on respecter les bornes de la l\u00e9galit\u00e9 face aux entreprises qui d\u00e9truisent ill\u00e9galement notre environnement&nbsp;?\u00a0\u00bb<\/em><\/p><cite>Les Soul\u00e8vements de la Terre<\/cite><\/blockquote>\n\n\n\n<div style=\"height:20px\" aria-hidden=\"true\" class=\"wp-block-spacer\"><\/div>\n\n\n\n<h2 class=\"wp-block-heading\"><strong>Penser collectivement \u00e0 l\u2019heure des changements climatiques <\/strong><\/h2>\n\n\n\n<div style=\"height:20px\" aria-hidden=\"true\" class=\"wp-block-spacer\"><\/div>\n\n\n\n<h3 class=\"wp-block-heading\"><strong>Une entente est-elle possible&nbsp;? <\/strong><\/h3>\n\n\n\n<div style=\"height:20px\" aria-hidden=\"true\" class=\"wp-block-spacer\"><\/div>\n\n\n\n<p>Tandis que les perspectives envisag\u00e9es pour le devenir du Marais Poitevin diff\u00e8rent selon les points de vue, les acteurs impliqu\u00e9s dans la pol\u00e9mique peinent \u00e0 se mettre d\u2019accord. En effet, la politique envisag\u00e9e semble d\u00e9plaire \u00e0 la majorit\u00e9 des locaux, alors qu\u2019ils ont d\u00e9j\u00e0 perdu toute confiance en sa juste mise en \u0153uvre. L\u2019hydrologue Emma Haziza sugg\u00e8re un syst\u00e8me de gestion territoriale transparent et sinc\u00e8re dans l\u2019exposition des risques aux habitants. Mais le mod\u00e8le entretenu ne semble pas compatible avec l&rsquo;int\u00e9r\u00eat commun pr\u00f4n\u00e9 par la chercheuse. Apr\u00e8s de nombreux compromis et n\u00e9gociations, parfois trop peu suffisants, les habitants et activistes d\u00e9cident de s\u2019unir pour revendiquer leurs droits et imaginer ensemble un syst\u00e8me de gestion territorial, bas\u00e9 sur une d\u00e9l\u00e9gation des pouvoirs institutionnels, en proposant la cr\u00e9ation de comit\u00e9s des bassins versants afin d\u2019instaurer une gouvernance horizontale sur le mode du circuit hydraulique. Les militants tiennent \u00e0 faire valoir une implication habitante, et malgr\u00e9 une motivation sans faille, il serait, selon eux, plus ais\u00e9 de parvenir \u00e0 collaborer avec les syndicats d\u2019agriculteurs. Dans l\u2019optique d&rsquo;instaurer \u00e0 terme une gestion citoyenne de l\u2019eau, les associations convoquent r\u00e9guli\u00e8rement des dispositifs dont le recours \u00e0 r\u00e9f\u00e9rendum local mais aussi \u00e0 de nombreuses p\u00e9titions et appels juridiques.Tant que les crat\u00e8res fleuriront sur les terres, \u00e9puiseront leurs r\u00e9serves, d\u00e9feront les \u00e9quilibres, une entente para\u00eet difficile, voire illusoire.<\/p>\n\n\n\n<figure class=\"wp-block-gallery columns-2 is-cropped wp-block-gallery-6 is-layout-flex wp-block-gallery-is-layout-flex\"><ul class=\"blocks-gallery-grid\"><li class=\"blocks-gallery-item\"><figure><img loading=\"lazy\" decoding=\"async\" width=\"1024\" height=\"683\" src=\"https:\/\/tatataaaaa.com\/newklima\/wp-content\/uploads\/2022\/06\/\u00a9-Quentin-Vernault-_-Reporterre_4-1024x683.jpeg\" alt=\"\" data-id=\"6821\" data-full-url=\"https:\/\/tatataaaaa.com\/newklima\/wp-content\/uploads\/2022\/06\/\u00a9-Quentin-Vernault-_-Reporterre_4.jpeg\" data-link=\"https:\/\/tatataaaaa.com\/newklima\/des-soulevements-aux-luttes-contre-la-predation-de-leau-dans-le-marais-poitevin\/quentin-vernault-_-reporterre_4-2\/\" class=\"wp-image-6821\" srcset=\"https:\/\/tatataaaaa.com\/newklima\/wp-content\/uploads\/2022\/06\/\u00a9-Quentin-Vernault-_-Reporterre_4-1024x683.jpeg 1024w, https:\/\/tatataaaaa.com\/newklima\/wp-content\/uploads\/2022\/06\/\u00a9-Quentin-Vernault-_-Reporterre_4-300x200.jpeg 300w, https:\/\/tatataaaaa.com\/newklima\/wp-content\/uploads\/2022\/06\/\u00a9-Quentin-Vernault-_-Reporterre_4-768x512.jpeg 768w, https:\/\/tatataaaaa.com\/newklima\/wp-content\/uploads\/2022\/06\/\u00a9-Quentin-Vernault-_-Reporterre_4.jpeg 1200w\" sizes=\"auto, (max-width: 1024px) 100vw, 1024px\" \/><\/figure><\/li><li class=\"blocks-gallery-item\"><figure><img loading=\"lazy\" decoding=\"async\" width=\"1024\" height=\"678\" src=\"https:\/\/tatataaaaa.com\/newklima\/wp-content\/uploads\/2022\/05\/\u00a9-Corentin-FohlenReporterre_5-1024x678.jpg\" alt=\"\" data-id=\"6689\" data-link=\"https:\/\/tatataaaaa.com\/newklima\/manifestation-et-action-contre-les-bassines-agricoles-a-mauze-le-mignon-4\/\" class=\"wp-image-6689\" srcset=\"https:\/\/tatataaaaa.com\/newklima\/wp-content\/uploads\/2022\/05\/\u00a9-Corentin-FohlenReporterre_5-1024x678.jpg 1024w, https:\/\/tatataaaaa.com\/newklima\/wp-content\/uploads\/2022\/05\/\u00a9-Corentin-FohlenReporterre_5-300x199.jpg 300w, https:\/\/tatataaaaa.com\/newklima\/wp-content\/uploads\/2022\/05\/\u00a9-Corentin-FohlenReporterre_5-768x508.jpg 768w, https:\/\/tatataaaaa.com\/newklima\/wp-content\/uploads\/2022\/05\/\u00a9-Corentin-FohlenReporterre_5.jpg 1200w\" sizes=\"auto, (max-width: 1024px) 100vw, 1024px\" \/><\/figure><\/li><\/ul><figcaption class=\"blocks-gallery-caption\"> \u00a9 Corentin Fohlen \/ \u00a9 Quentin Vernault<\/figcaption><\/figure>\n\n\n\n<p>Alors les luttes prolif\u00e8rent, et les institutions d\u00e9mentent encore. Et m\u00eame si l\u2019abandon r\u00e9cent de cinq des bassines du marais marque une premi\u00e8re victoire, les probl\u00e9matiques de rar\u00e9faction des ressources en eau ne restent pas moins importantes, et les modes de gouvernances imagin\u00e9s par les militants, l\u00e9gitimes.&nbsp;<\/p>\n\n\n\n<h3 class=\"wp-block-heading\"><strong>Paysage \u00ab\u00a0sentinelle\u00a0\u00bb, entrelacements entre nature et soci\u00e9t\u00e9 <em>&nbsp; <\/em><\/strong><\/h3>\n\n\n\n<div style=\"height:20px\" aria-hidden=\"true\" class=\"wp-block-spacer\"><\/div>\n\n\n\n<p>Le philosophe Matthieu Duperrex qualifie les paysages \u201csentinelles\u201d comme \u201c<em>l\u2019entrelacement inextricable du g\u00e9ologique et de l\u2019historique, du non-humain et de l&rsquo;humain, qui peut y \u00eatre per\u00e7u de fa\u00e7on plus intense qu\u2019ailleurs \u201d<\/em>. Habituellement attribu\u00e9e aux paysages d\u2019interfaces entre nature et soci\u00e9t\u00e9, cet aspect est aussi perceptible dans le paysage du Marais Poitevin. Les dynamiques g\u00e9ographiques, agricoles, \u00e9conomiques mais aussi politiques et environnementales g\u00e9n\u00e9r\u00e9es par les ressources en eau se rencontrent et exacerbent les d\u00e9s\u00e9quilibres soci\u00e9taux. D\u00e8s la cr\u00e9ation du syst\u00e8me hydrologique du marais, des coop\u00e9rations mais aussi des conflits sont affirm\u00e9s et produisent alors une organisation et une hi\u00e9rarchie sociale. D\u2019un c\u00f4t\u00e9, les usagers, les habitants et paysans, et de l\u2019autre les irrigants et les exploitants soutenus par les institutions et les politiques publiques. Le Marais Poitevin n\u2019est pas un terrain neutre et les conflits aujourd\u2019hui observ\u00e9s ne font que pr\u00e9sager l\u2019exacerbation certaine des fractures sociales et paysag\u00e8res prochaines. La rar\u00e9faction des ressources acc\u00e9l\u00e9r\u00e9e par les changements climatiques bouleverse les cohabitations et questionne alors les modes de gestion et de gouvernance de l\u2019eau. Et, lorsque menace la p\u00e9nurie, il est de notre responsabilit\u00e9 collective d\u2019interroger les pistes de transition, de sobri\u00e9t\u00e9 et de r\u00e9partition de la ressource en eau, dans les paysages du marais, entrelac\u00e9s entre partage et rar\u00e9faction.&nbsp;<\/p>\n\n\n\n<div style=\"height:20px\" aria-hidden=\"true\" class=\"wp-block-spacer\"><\/div>\n\n\n\n<figure class=\"wp-block-gallery columns-1 is-cropped wp-block-gallery-7 is-layout-flex wp-block-gallery-is-layout-flex\"><ul class=\"blocks-gallery-grid\"><li class=\"blocks-gallery-item\"><figure><img loading=\"lazy\" decoding=\"async\" width=\"1024\" height=\"683\" src=\"https:\/\/tatataaaaa.com\/newklima\/wp-content\/uploads\/2022\/05\/\u00a9-Quentin-Vernault-_-Reporterre_7-1024x683.jpeg\" alt=\"\" data-id=\"6707\" data-full-url=\"https:\/\/tatataaaaa.com\/newklima\/wp-content\/uploads\/2022\/05\/\u00a9-Quentin-Vernault-_-Reporterre_7.jpeg\" data-link=\"https:\/\/tatataaaaa.com\/newklima\/quentin-vernault-_-reporterre_7\/\" class=\"wp-image-6707\" srcset=\"https:\/\/tatataaaaa.com\/newklima\/wp-content\/uploads\/2022\/05\/\u00a9-Quentin-Vernault-_-Reporterre_7-1024x683.jpeg 1024w, https:\/\/tatataaaaa.com\/newklima\/wp-content\/uploads\/2022\/05\/\u00a9-Quentin-Vernault-_-Reporterre_7-300x200.jpeg 300w, https:\/\/tatataaaaa.com\/newklima\/wp-content\/uploads\/2022\/05\/\u00a9-Quentin-Vernault-_-Reporterre_7-768x512.jpeg 768w, https:\/\/tatataaaaa.com\/newklima\/wp-content\/uploads\/2022\/05\/\u00a9-Quentin-Vernault-_-Reporterre_7.jpeg 1200w\" sizes=\"auto, (max-width: 1024px) 100vw, 1024px\" \/><\/figure><\/li><\/ul><figcaption class=\"blocks-gallery-caption\"> \u00a9 Quentin Vernault <\/figcaption><\/figure>\n\n\n\n<hr class=\"wp-block-separator\"\/>\n\n\n\n<div class=\"wp-block-group\"><div class=\"wp-block-group__inner-container is-layout-flow wp-block-group-is-layout-flow\">\n<h3 class=\"wp-block-heading\"><strong>Pour en savoir plus<\/strong> <\/h3>\n\n\n\n<ul class=\"wp-block-list\"><li>Un \u00e9pisode du podcast Thinkerview <a href=\"https:\/\/open.spotify.com\/episode\/7I7DWkzOTdoTHlffzoKIda?si=d8e357c7e77843e3\">\u00ab\u00a0Emma Haziza, Crise de l&rsquo;eau, plan\u00e8te terre invivable&nbsp;?\u00a0\u00bb<\/a><\/li><\/ul>\n\n\n\n<ul class=\"wp-block-list\"><li>Un article de<em> lundimatin <a href=\"https:\/\/lundi.am\/Marais-poitevin-La-guerre-de-l-eau-est-declaree\">\u201c La Guerre de l\u2019eau est d\u00e9clar\u00e9e&nbsp;!\u201d<\/a> <\/em>&nbsp;pour appr\u00e9hender les conflits d\u2019usages li\u00e9s \u00e0 la ressource en eau&nbsp;&nbsp;<\/li><\/ul>\n\n\n\n<ul class=\"wp-block-list\"><li><a rel=\"noreferrer noopener\" href=\"https:\/\/umap.openstreetmap.fr\/fr\/map\/bassines_779169#6\/51.000\/2.000\" target=\"_blank\">une carte participative<\/a>&nbsp;des bassines existantes ou en pr\u00e9paration partout en France<\/li><\/ul>\n\n\n\n<ul class=\"wp-block-list\"><li>Un reportage d\u2019Emile Poivet pour <em>Mouvement <\/em><a href=\"https:\/\/www.mouvement.net\/analyses\/reportages\/fallait-pas-nous-bassiner\"><em>\u201c Fallait pas nous bassiner \u201d<\/em><\/a><\/li><\/ul>\n\n\n\n<ul class=\"wp-block-list\"><li>Un podcast disponible sur France Culture <a href=\"https:\/\/www.radiofrance.fr\/franceculture\/podcasts\/le-temps-du-debat\/bassines-barrages-va-t-on-vers-de-nouvelles-batailles-de-l-eau-5784447\">\u201c <em>Bassines, barrages \u2026 Va-t-on vers de nouvelles batailles de l\u2019eau&nbsp;? \u201d<\/em><\/a><\/li><\/ul>\n\n\n\n<ul class=\"wp-block-list\"><li>Un article de Beno\u00eet Grimonprez pour AOC  <em><a href=\"https:\/\/aoc.media\/analyse\/2022\/05\/18\/mega-bassines-aux-sources-dun-conflit-pour-leau\/?loggedin=true?&amp;loggedin=true\">\u201c  \u00ab&nbsp;M\u00e9ga-bassines&nbsp;\u00bb&nbsp;: aux sources d\u2019un conflit pour l\u2019eau \u201d<\/a><\/em><\/li><\/ul>\n\n\n\n<ul class=\"wp-block-list\"><li>Un reportage sign\u00e9 <em>Reporterre <\/em><a href=\"https:\/\/reporterre.net\/Tout-le-monde-deteste-les-bassines-dans-les-Deux-Sevres-une-grande-manifestation-pour-proteger-l-eau\"><em>\u201c  \u00ab&nbsp;Tout le monde d\u00e9teste les bassines&nbsp;\u00bb&nbsp;: dans les Deux-S\u00e8vres, une grande manifestation pour prot\u00e9ger l\u2019eau \u201d<\/em>&nbsp;<\/a><\/li><\/ul>\n\n\n\n<ul class=\"wp-block-list\"><li>Un r\u00e9cit d\u2019Eric Collier pour <em>Le Monde <\/em><a href=\"https:\/\/www.lemonde.fr\/societe\/article\/2021\/11\/06\/ce-combat-c-est-la-lutte-de-la-region-l-eau-source-de-conflits-dans-le-marais-poitevin_6101149_3224.html\"><em>\u00a0\u00bb Ce combat, c\u2019est la lutte de la r\u00e9gion&nbsp;: l\u2019eau, source de conflits dans le Marais poitevin<\/em> \u00ab\u00a0<\/a><\/li><\/ul>\n\n\n\n<ul class=\"wp-block-list\"><li>La <a href=\"https:\/\/www.confederationpaysanne.fr\/actu.php?id=11938\">mobilisation du samedi 6 novembre 2021<\/a> \u00e0 Mauz\u00e9-sur-le-Migon par la Conf\u00e9d\u00e9ration Paysanne&nbsp;<\/li><\/ul>\n\n\n\n<ul class=\"wp-block-list\"><li>La <a href=\"https:\/\/lessoulevementsdelaterre.org\/blog\/7000-personnes-contre-les-bassines\">mobilisation du samedi 27 mars <\/a> \u00e0 la Roch\u00e9nard par Les Soul\u00e8vements de la Terre <\/li><\/ul>\n\n\n\n<ul class=\"wp-block-list\"><li><a href=\"https:\/\/youtu.be\/2WMo8nMQw3I\">Ici <\/a>la vid\u00e9o Pour un Printemps Mara\u00eechin contre les M\u00e9ga-bassines du <em>Collectif Bassines Non Merci<\/em><\/li><\/ul>\n\n\n\n<ul class=\"wp-block-list\"><li>Pour suivre l\u2019<a href=\"https:\/\/bassinesnonmerci.fr\">actualit\u00e9 des mouvements et des revendications<\/a> contre l\u2019installation des bassines agricoles dans le Marais Poitevin&nbsp;<\/li><\/ul>\n<\/div><\/div>\n","protected":false},"excerpt":{"rendered":"<p>Le Marais Poitevin est travers\u00e9 depuis bient\u00f4t 2000 ans par des conflits de l\u2019eau li\u00e9s \u00e0 ses usages. Il doit d\u2019ailleurs son paysage si particulier \u00e0 la canalisation de ses marais. L\u2019eau prosp\u00e8re alors en abondance, mais lorsque la ressource vient \u00e0 manquer, les conflits en sont exacerb\u00e9s. En ce sens, le projet d\u2019implantation des m\u00e9ga-bassines dans le marais illustre alors pleinement l\u2019ampleur des tensions entretenues entre certains irrigants et les habitants, facteur de d\u00e9chirement social. <\/p>\n","protected":false},"author":38,"featured_media":6763,"comment_status":"closed","ping_status":"closed","sticky":false,"template":"","format":"standard","meta":{"footnotes":""},"categories":[1],"tags":[],"class_list":["post-6711","post","type-post","status-publish","format-standard","has-post-thumbnail","hentry","category-articles"],"yoast_head":"<!-- This site is optimized with the Yoast SEO plugin v24.2 - https:\/\/yoast.com\/wordpress\/plugins\/seo\/ -->\n<title>Des soul\u00e8vements        aux luttes contre la pr\u00e9dation de l\u2019eau dans le Marais Poitevin<\/title>\n<meta name=\"robots\" content=\"index, follow, max-snippet:-1, max-image-preview:large, max-video-preview:-1\" \/>\n<link rel=\"canonical\" href=\"https:\/\/tatataaaaa.com\/newklima\/des-soulevements-aux-luttes-contre-la-predation-de-leau-dans-le-marais-poitevin\/\" \/>\n<meta property=\"og:locale\" content=\"fr_FR\" \/>\n<meta property=\"og:type\" content=\"article\" \/>\n<meta property=\"og:title\" content=\"Des soul\u00e8vements        aux luttes contre la pr\u00e9dation de l\u2019eau dans le Marais Poitevin\" \/>\n<meta property=\"og:description\" content=\"Le Marais Poitevin est travers\u00e9 depuis bient\u00f4t 2000 ans par des conflits de l\u2019eau li\u00e9s \u00e0 ses usages. Il doit d\u2019ailleurs son paysage si particulier \u00e0 la canalisation de ses marais. L\u2019eau prosp\u00e8re alors en abondance, mais lorsque la ressource vient \u00e0 manquer, les conflits en sont exacerb\u00e9s. En ce sens, le projet d\u2019implantation des m\u00e9ga-bassines dans le marais illustre alors pleinement l\u2019ampleur des tensions entretenues entre certains irrigants et les habitants, facteur de d\u00e9chirement social.\" \/>\n<meta property=\"og:url\" content=\"https:\/\/tatataaaaa.com\/newklima\/des-soulevements-aux-luttes-contre-la-predation-de-leau-dans-le-marais-poitevin\/\" \/>\n<meta property=\"og:site_name\" content=\"Atelier Klima\" \/>\n<meta property=\"article:published_time\" content=\"2022-05-27T10:04:50+00:00\" \/>\n<meta property=\"article:modified_time\" content=\"2023-03-15T10:51:53+00:00\" \/>\n<meta property=\"og:image\" content=\"https:\/\/tatataaaaa.com\/newklima\/wp-content\/uploads\/2022\/05\/MOFTU7HGABEE3JTQF3JXXLYTAA-scaled.jpeg\" \/>\n\t<meta property=\"og:image:width\" content=\"2560\" \/>\n\t<meta property=\"og:image:height\" content=\"1704\" \/>\n\t<meta property=\"og:image:type\" content=\"image\/jpeg\" \/>\n<meta name=\"author\" content=\"Luce Renaud\" \/>\n<meta name=\"twitter:card\" content=\"summary_large_image\" \/>\n<meta name=\"twitter:creator\" content=\"@Klima_ONG\" \/>\n<meta name=\"twitter:site\" content=\"@Klima_ONG\" \/>\n<meta name=\"twitter:label1\" content=\"\u00c9crit par\" \/>\n\t<meta name=\"twitter:data1\" content=\"Luce Renaud\" \/>\n\t<meta name=\"twitter:label2\" content=\"Dur\u00e9e de lecture estim\u00e9e\" \/>\n\t<meta name=\"twitter:data2\" content=\"18 minutes\" \/>\n<script type=\"application\/ld+json\" class=\"yoast-schema-graph\">{\"@context\":\"https:\/\/schema.org\",\"@graph\":[{\"@type\":\"Article\",\"@id\":\"https:\/\/tatataaaaa.com\/newklima\/des-soulevements-aux-luttes-contre-la-predation-de-leau-dans-le-marais-poitevin\/#article\",\"isPartOf\":{\"@id\":\"https:\/\/tatataaaaa.com\/newklima\/des-soulevements-aux-luttes-contre-la-predation-de-leau-dans-le-marais-poitevin\/\"},\"author\":{\"name\":\"Luce Renaud\",\"@id\":\"https:\/\/tatataaaaa.com\/newklima\/#\/schema\/person\/376dd51cd52a19c655ec96d2b8bb50ed\"},\"headline\":\"Des soul\u00e8vements aux luttes contre la pr\u00e9dation de l\u2019eau dans le Marais Poitevin\",\"datePublished\":\"2022-05-27T10:04:50+00:00\",\"dateModified\":\"2023-03-15T10:51:53+00:00\",\"mainEntityOfPage\":{\"@id\":\"https:\/\/tatataaaaa.com\/newklima\/des-soulevements-aux-luttes-contre-la-predation-de-leau-dans-le-marais-poitevin\/\"},\"wordCount\":3684,\"publisher\":{\"@id\":\"https:\/\/tatataaaaa.com\/newklima\/#organization\"},\"image\":{\"@id\":\"https:\/\/tatataaaaa.com\/newklima\/des-soulevements-aux-luttes-contre-la-predation-de-leau-dans-le-marais-poitevin\/#primaryimage\"},\"thumbnailUrl\":\"https:\/\/tatataaaaa.com\/newklima\/wp-content\/uploads\/2022\/05\/MOFTU7HGABEE3JTQF3JXXLYTAA-scaled.jpeg\",\"articleSection\":[\"Articles\"],\"inLanguage\":\"fr-FR\"},{\"@type\":\"WebPage\",\"@id\":\"https:\/\/tatataaaaa.com\/newklima\/des-soulevements-aux-luttes-contre-la-predation-de-leau-dans-le-marais-poitevin\/\",\"url\":\"https:\/\/tatataaaaa.com\/newklima\/des-soulevements-aux-luttes-contre-la-predation-de-leau-dans-le-marais-poitevin\/\",\"name\":\"Des soul\u00e8vements aux luttes contre la pr\u00e9dation de l\u2019eau dans le Marais Poitevin\",\"isPartOf\":{\"@id\":\"https:\/\/tatataaaaa.com\/newklima\/#website\"},\"primaryImageOfPage\":{\"@id\":\"https:\/\/tatataaaaa.com\/newklima\/des-soulevements-aux-luttes-contre-la-predation-de-leau-dans-le-marais-poitevin\/#primaryimage\"},\"image\":{\"@id\":\"https:\/\/tatataaaaa.com\/newklima\/des-soulevements-aux-luttes-contre-la-predation-de-leau-dans-le-marais-poitevin\/#primaryimage\"},\"thumbnailUrl\":\"https:\/\/tatataaaaa.com\/newklima\/wp-content\/uploads\/2022\/05\/MOFTU7HGABEE3JTQF3JXXLYTAA-scaled.jpeg\",\"datePublished\":\"2022-05-27T10:04:50+00:00\",\"dateModified\":\"2023-03-15T10:51:53+00:00\",\"breadcrumb\":{\"@id\":\"https:\/\/tatataaaaa.com\/newklima\/des-soulevements-aux-luttes-contre-la-predation-de-leau-dans-le-marais-poitevin\/#breadcrumb\"},\"inLanguage\":\"fr-FR\",\"potentialAction\":[{\"@type\":\"ReadAction\",\"target\":[\"https:\/\/tatataaaaa.com\/newklima\/des-soulevements-aux-luttes-contre-la-predation-de-leau-dans-le-marais-poitevin\/\"]}]},{\"@type\":\"ImageObject\",\"inLanguage\":\"fr-FR\",\"@id\":\"https:\/\/tatataaaaa.com\/newklima\/des-soulevements-aux-luttes-contre-la-predation-de-leau-dans-le-marais-poitevin\/#primaryimage\",\"url\":\"https:\/\/tatataaaaa.com\/newklima\/wp-content\/uploads\/2022\/05\/MOFTU7HGABEE3JTQF3JXXLYTAA-scaled.jpeg\",\"contentUrl\":\"https:\/\/tatataaaaa.com\/newklima\/wp-content\/uploads\/2022\/05\/MOFTU7HGABEE3JTQF3JXXLYTAA-scaled.jpeg\",\"width\":2560,\"height\":1704,\"caption\":\"Protesters take part in a demonstration as part of a three-day gathering dubbed \\\"Printemps maraichin\\\", called by the collective \\\"Bassines Non Merci\\\" (Basins No Thank You) and the Confederation Paysanne farmers' union, to protest against a project to build large scale agricultural water storage basins in the Marais Poitevin marshland area, in La Rochenard, western France, on March 26, 2022. (Photo by Sebastien SALOM-GOMIS \/ AFP)\"},{\"@type\":\"BreadcrumbList\",\"@id\":\"https:\/\/tatataaaaa.com\/newklima\/des-soulevements-aux-luttes-contre-la-predation-de-leau-dans-le-marais-poitevin\/#breadcrumb\",\"itemListElement\":[{\"@type\":\"ListItem\",\"position\":1,\"name\":\"Home\",\"item\":\"https:\/\/tatataaaaa.com\/newklima\/\"},{\"@type\":\"ListItem\",\"position\":2,\"name\":\"Des soul\u00e8vements aux luttes contre la pr\u00e9dation de l\u2019eau dans le Marais Poitevin\"}]},{\"@type\":\"WebSite\",\"@id\":\"https:\/\/tatataaaaa.com\/newklima\/#website\",\"url\":\"https:\/\/tatataaaaa.com\/newklima\/\",\"name\":\"Atelier Klima\",\"description\":\"Adaptation littorale au changement climatique\",\"publisher\":{\"@id\":\"https:\/\/tatataaaaa.com\/newklima\/#organization\"},\"potentialAction\":[{\"@type\":\"SearchAction\",\"target\":{\"@type\":\"EntryPoint\",\"urlTemplate\":\"https:\/\/tatataaaaa.com\/newklima\/?s={search_term_string}\"},\"query-input\":{\"@type\":\"PropertyValueSpecification\",\"valueRequired\":true,\"valueName\":\"search_term_string\"}}],\"inLanguage\":\"fr-FR\"},{\"@type\":\"Organization\",\"@id\":\"https:\/\/tatataaaaa.com\/newklima\/#organization\",\"name\":\"Atelier Klima\",\"url\":\"https:\/\/tatataaaaa.com\/newklima\/\",\"logo\":{\"@type\":\"ImageObject\",\"inLanguage\":\"fr-FR\",\"@id\":\"https:\/\/tatataaaaa.com\/newklima\/#\/schema\/logo\/image\/\",\"url\":\"https:\/\/tatataaaaa.com\/newklima\/wp-content\/uploads\/2019\/03\/klima-ong-favicon.gif\",\"contentUrl\":\"https:\/\/tatataaaaa.com\/newklima\/wp-content\/uploads\/2019\/03\/klima-ong-favicon.gif\",\"width\":512,\"height\":512,\"caption\":\"Atelier Klima\"},\"image\":{\"@id\":\"https:\/\/tatataaaaa.com\/newklima\/#\/schema\/logo\/image\/\"},\"sameAs\":[\"https:\/\/x.com\/Klima_ONG\",\"https:\/\/www.instagram.com\/sophiedulau\/\"]},{\"@type\":\"Person\",\"@id\":\"https:\/\/tatataaaaa.com\/newklima\/#\/schema\/person\/376dd51cd52a19c655ec96d2b8bb50ed\",\"name\":\"Luce Renaud\",\"image\":{\"@type\":\"ImageObject\",\"inLanguage\":\"fr-FR\",\"@id\":\"https:\/\/tatataaaaa.com\/newklima\/#\/schema\/person\/image\/\",\"url\":\"https:\/\/secure.gravatar.com\/avatar\/ba7512c75c3748e09eb11fc5646c3c55?s=96&d=mm&r=g\",\"contentUrl\":\"https:\/\/secure.gravatar.com\/avatar\/ba7512c75c3748e09eb11fc5646c3c55?s=96&d=mm&r=g\",\"caption\":\"Luce Renaud\"},\"description\":\"Actuellement \u00e9tudiante en master \u00e0 l\u2019ENSA de Grenoble, Luce s\u2019int\u00e9resse aux rapports qu\u2019entretiennent les soci\u00e9t\u00e9s avec leurs environnements depuis des perspectives aussi bien politiques que spatiales. Elle est particuli\u00e8rement sensible aux enjeux environnementaux et contribue au sein de Klima aux \u00e9crits et aux r\u00e9flexions men\u00e9es sur les diff\u00e9rentes formes que peuvent prendre l\u2019adaptation aux changements climatiques. Tout juste revenue d\u2019un \u00e9change universitaire en Colombie, elle poursuit aujourd\u2019hui ses explorations notamment militantes en se d\u00e9diant \u00e0 de nouveaux projets durant son ann\u00e9e de c\u00e9sure.\",\"url\":\"https:\/\/tatataaaaa.com\/newklima\/author\/luce-renaud\/\"}]}<\/script>\n<!-- \/ Yoast SEO plugin. -->","yoast_head_json":{"title":"Des soul\u00e8vements        aux luttes contre la pr\u00e9dation de l\u2019eau dans le Marais Poitevin","robots":{"index":"index","follow":"follow","max-snippet":"max-snippet:-1","max-image-preview":"max-image-preview:large","max-video-preview":"max-video-preview:-1"},"canonical":"https:\/\/tatataaaaa.com\/newklima\/des-soulevements-aux-luttes-contre-la-predation-de-leau-dans-le-marais-poitevin\/","og_locale":"fr_FR","og_type":"article","og_title":"Des soul\u00e8vements        aux luttes contre la pr\u00e9dation de l\u2019eau dans le Marais Poitevin","og_description":"Le Marais Poitevin est travers\u00e9 depuis bient\u00f4t 2000 ans par des conflits de l\u2019eau li\u00e9s \u00e0 ses usages. Il doit d\u2019ailleurs son paysage si particulier \u00e0 la canalisation de ses marais. L\u2019eau prosp\u00e8re alors en abondance, mais lorsque la ressource vient \u00e0 manquer, les conflits en sont exacerb\u00e9s. En ce sens, le projet d\u2019implantation des m\u00e9ga-bassines dans le marais illustre alors pleinement l\u2019ampleur des tensions entretenues entre certains irrigants et les habitants, facteur de d\u00e9chirement social.","og_url":"https:\/\/tatataaaaa.com\/newklima\/des-soulevements-aux-luttes-contre-la-predation-de-leau-dans-le-marais-poitevin\/","og_site_name":"Atelier Klima","article_published_time":"2022-05-27T10:04:50+00:00","article_modified_time":"2023-03-15T10:51:53+00:00","og_image":[{"width":2560,"height":1704,"url":"https:\/\/tatataaaaa.com\/newklima\/wp-content\/uploads\/2022\/05\/MOFTU7HGABEE3JTQF3JXXLYTAA-scaled.jpeg","type":"image\/jpeg"}],"author":"Luce Renaud","twitter_card":"summary_large_image","twitter_creator":"@Klima_ONG","twitter_site":"@Klima_ONG","twitter_misc":{"\u00c9crit par":"Luce Renaud","Dur\u00e9e de lecture estim\u00e9e":"18 minutes"},"schema":{"@context":"https:\/\/schema.org","@graph":[{"@type":"Article","@id":"https:\/\/tatataaaaa.com\/newklima\/des-soulevements-aux-luttes-contre-la-predation-de-leau-dans-le-marais-poitevin\/#article","isPartOf":{"@id":"https:\/\/tatataaaaa.com\/newklima\/des-soulevements-aux-luttes-contre-la-predation-de-leau-dans-le-marais-poitevin\/"},"author":{"name":"Luce Renaud","@id":"https:\/\/tatataaaaa.com\/newklima\/#\/schema\/person\/376dd51cd52a19c655ec96d2b8bb50ed"},"headline":"Des soul\u00e8vements aux luttes contre la pr\u00e9dation de l\u2019eau dans le Marais Poitevin","datePublished":"2022-05-27T10:04:50+00:00","dateModified":"2023-03-15T10:51:53+00:00","mainEntityOfPage":{"@id":"https:\/\/tatataaaaa.com\/newklima\/des-soulevements-aux-luttes-contre-la-predation-de-leau-dans-le-marais-poitevin\/"},"wordCount":3684,"publisher":{"@id":"https:\/\/tatataaaaa.com\/newklima\/#organization"},"image":{"@id":"https:\/\/tatataaaaa.com\/newklima\/des-soulevements-aux-luttes-contre-la-predation-de-leau-dans-le-marais-poitevin\/#primaryimage"},"thumbnailUrl":"https:\/\/tatataaaaa.com\/newklima\/wp-content\/uploads\/2022\/05\/MOFTU7HGABEE3JTQF3JXXLYTAA-scaled.jpeg","articleSection":["Articles"],"inLanguage":"fr-FR"},{"@type":"WebPage","@id":"https:\/\/tatataaaaa.com\/newklima\/des-soulevements-aux-luttes-contre-la-predation-de-leau-dans-le-marais-poitevin\/","url":"https:\/\/tatataaaaa.com\/newklima\/des-soulevements-aux-luttes-contre-la-predation-de-leau-dans-le-marais-poitevin\/","name":"Des soul\u00e8vements aux luttes contre la pr\u00e9dation de l\u2019eau dans le Marais Poitevin","isPartOf":{"@id":"https:\/\/tatataaaaa.com\/newklima\/#website"},"primaryImageOfPage":{"@id":"https:\/\/tatataaaaa.com\/newklima\/des-soulevements-aux-luttes-contre-la-predation-de-leau-dans-le-marais-poitevin\/#primaryimage"},"image":{"@id":"https:\/\/tatataaaaa.com\/newklima\/des-soulevements-aux-luttes-contre-la-predation-de-leau-dans-le-marais-poitevin\/#primaryimage"},"thumbnailUrl":"https:\/\/tatataaaaa.com\/newklima\/wp-content\/uploads\/2022\/05\/MOFTU7HGABEE3JTQF3JXXLYTAA-scaled.jpeg","datePublished":"2022-05-27T10:04:50+00:00","dateModified":"2023-03-15T10:51:53+00:00","breadcrumb":{"@id":"https:\/\/tatataaaaa.com\/newklima\/des-soulevements-aux-luttes-contre-la-predation-de-leau-dans-le-marais-poitevin\/#breadcrumb"},"inLanguage":"fr-FR","potentialAction":[{"@type":"ReadAction","target":["https:\/\/tatataaaaa.com\/newklima\/des-soulevements-aux-luttes-contre-la-predation-de-leau-dans-le-marais-poitevin\/"]}]},{"@type":"ImageObject","inLanguage":"fr-FR","@id":"https:\/\/tatataaaaa.com\/newklima\/des-soulevements-aux-luttes-contre-la-predation-de-leau-dans-le-marais-poitevin\/#primaryimage","url":"https:\/\/tatataaaaa.com\/newklima\/wp-content\/uploads\/2022\/05\/MOFTU7HGABEE3JTQF3JXXLYTAA-scaled.jpeg","contentUrl":"https:\/\/tatataaaaa.com\/newklima\/wp-content\/uploads\/2022\/05\/MOFTU7HGABEE3JTQF3JXXLYTAA-scaled.jpeg","width":2560,"height":1704,"caption":"Protesters take part in a demonstration as part of a three-day gathering dubbed \"Printemps maraichin\", called by the collective \"Bassines Non Merci\" (Basins No Thank You) and the Confederation Paysanne farmers' union, to protest against a project to build large scale agricultural water storage basins in the Marais Poitevin marshland area, in La Rochenard, western France, on March 26, 2022. (Photo by Sebastien SALOM-GOMIS \/ AFP)"},{"@type":"BreadcrumbList","@id":"https:\/\/tatataaaaa.com\/newklima\/des-soulevements-aux-luttes-contre-la-predation-de-leau-dans-le-marais-poitevin\/#breadcrumb","itemListElement":[{"@type":"ListItem","position":1,"name":"Home","item":"https:\/\/tatataaaaa.com\/newklima\/"},{"@type":"ListItem","position":2,"name":"Des soul\u00e8vements aux luttes contre la pr\u00e9dation de l\u2019eau dans le Marais Poitevin"}]},{"@type":"WebSite","@id":"https:\/\/tatataaaaa.com\/newklima\/#website","url":"https:\/\/tatataaaaa.com\/newklima\/","name":"Atelier Klima","description":"Adaptation littorale au changement climatique","publisher":{"@id":"https:\/\/tatataaaaa.com\/newklima\/#organization"},"potentialAction":[{"@type":"SearchAction","target":{"@type":"EntryPoint","urlTemplate":"https:\/\/tatataaaaa.com\/newklima\/?s={search_term_string}"},"query-input":{"@type":"PropertyValueSpecification","valueRequired":true,"valueName":"search_term_string"}}],"inLanguage":"fr-FR"},{"@type":"Organization","@id":"https:\/\/tatataaaaa.com\/newklima\/#organization","name":"Atelier Klima","url":"https:\/\/tatataaaaa.com\/newklima\/","logo":{"@type":"ImageObject","inLanguage":"fr-FR","@id":"https:\/\/tatataaaaa.com\/newklima\/#\/schema\/logo\/image\/","url":"https:\/\/tatataaaaa.com\/newklima\/wp-content\/uploads\/2019\/03\/klima-ong-favicon.gif","contentUrl":"https:\/\/tatataaaaa.com\/newklima\/wp-content\/uploads\/2019\/03\/klima-ong-favicon.gif","width":512,"height":512,"caption":"Atelier Klima"},"image":{"@id":"https:\/\/tatataaaaa.com\/newklima\/#\/schema\/logo\/image\/"},"sameAs":["https:\/\/x.com\/Klima_ONG","https:\/\/www.instagram.com\/sophiedulau\/"]},{"@type":"Person","@id":"https:\/\/tatataaaaa.com\/newklima\/#\/schema\/person\/376dd51cd52a19c655ec96d2b8bb50ed","name":"Luce Renaud","image":{"@type":"ImageObject","inLanguage":"fr-FR","@id":"https:\/\/tatataaaaa.com\/newklima\/#\/schema\/person\/image\/","url":"https:\/\/secure.gravatar.com\/avatar\/ba7512c75c3748e09eb11fc5646c3c55?s=96&d=mm&r=g","contentUrl":"https:\/\/secure.gravatar.com\/avatar\/ba7512c75c3748e09eb11fc5646c3c55?s=96&d=mm&r=g","caption":"Luce Renaud"},"description":"Actuellement \u00e9tudiante en master \u00e0 l\u2019ENSA de Grenoble, Luce s\u2019int\u00e9resse aux rapports qu\u2019entretiennent les soci\u00e9t\u00e9s avec leurs environnements depuis des perspectives aussi bien politiques que spatiales. Elle est particuli\u00e8rement sensible aux enjeux environnementaux et contribue au sein de Klima aux \u00e9crits et aux r\u00e9flexions men\u00e9es sur les diff\u00e9rentes formes que peuvent prendre l\u2019adaptation aux changements climatiques. Tout juste revenue d\u2019un \u00e9change universitaire en Colombie, elle poursuit aujourd\u2019hui ses explorations notamment militantes en se d\u00e9diant \u00e0 de nouveaux projets durant son ann\u00e9e de c\u00e9sure.","url":"https:\/\/tatataaaaa.com\/newklima\/author\/luce-renaud\/"}]}},"_links":{"self":[{"href":"https:\/\/tatataaaaa.com\/newklima\/wp-json\/wp\/v2\/posts\/6711","targetHints":{"allow":["GET"]}}],"collection":[{"href":"https:\/\/tatataaaaa.com\/newklima\/wp-json\/wp\/v2\/posts"}],"about":[{"href":"https:\/\/tatataaaaa.com\/newklima\/wp-json\/wp\/v2\/types\/post"}],"author":[{"embeddable":true,"href":"https:\/\/tatataaaaa.com\/newklima\/wp-json\/wp\/v2\/users\/38"}],"replies":[{"embeddable":true,"href":"https:\/\/tatataaaaa.com\/newklima\/wp-json\/wp\/v2\/comments?post=6711"}],"version-history":[{"count":96,"href":"https:\/\/tatataaaaa.com\/newklima\/wp-json\/wp\/v2\/posts\/6711\/revisions"}],"predecessor-version":[{"id":7299,"href":"https:\/\/tatataaaaa.com\/newklima\/wp-json\/wp\/v2\/posts\/6711\/revisions\/7299"}],"wp:featuredmedia":[{"embeddable":true,"href":"https:\/\/tatataaaaa.com\/newklima\/wp-json\/wp\/v2\/media\/6763"}],"wp:attachment":[{"href":"https:\/\/tatataaaaa.com\/newklima\/wp-json\/wp\/v2\/media?parent=6711"}],"wp:term":[{"taxonomy":"category","embeddable":true,"href":"https:\/\/tatataaaaa.com\/newklima\/wp-json\/wp\/v2\/categories?post=6711"},{"taxonomy":"post_tag","embeddable":true,"href":"https:\/\/tatataaaaa.com\/newklima\/wp-json\/wp\/v2\/tags?post=6711"}],"curies":[{"name":"wp","href":"https:\/\/api.w.org\/{rel}","templated":true}]}}