{"id":627,"date":"2019-04-15T18:03:30","date_gmt":"2019-04-15T18:03:30","guid":{"rendered":"https:\/\/tatataaaaa.com\/newklima\/?p=627"},"modified":"2023-03-15T10:54:06","modified_gmt":"2023-03-15T10:54:06","slug":"un-nouveau-rapport-a-la-nature-et-au-climat","status":"publish","type":"post","link":"https:\/\/tatataaaaa.com\/newklima\/un-nouveau-rapport-a-la-nature-et-au-climat\/","title":{"rendered":"Un nouveau rapport \u00e0 la nature et au climat"},"content":{"rendered":"\n<p>Entretien avec Isabelle Autissier<br>Navigatrice, conseill\u00e8re au Conseil \u00e9conomique social et environnemental et pr\u00e9sidente de WWF France<\/p>\n\n\n\n<p><em>Lundi 15 janvier 2018, Quai du Gabut \u00e0 La Rochelle<\/em><\/p>\n\n\n\n<hr class=\"wp-block-separator\"\/>\n\n\n\n<figure class=\"wp-block-image\"><img loading=\"lazy\" decoding=\"async\" width=\"1024\" height=\"576\" src=\"https:\/\/tatataaaaa.com\/newklima\/wp-content\/uploads\/2019\/05\/Autissier-1024x576.jpg\" alt=\"\" class=\"wp-image-645\" srcset=\"https:\/\/tatataaaaa.com\/newklima\/wp-content\/uploads\/2019\/05\/Autissier-1024x576.jpg 1024w, https:\/\/tatataaaaa.com\/newklima\/wp-content\/uploads\/2019\/05\/Autissier-300x169.jpg 300w, https:\/\/tatataaaaa.com\/newklima\/wp-content\/uploads\/2019\/05\/Autissier-768x432.jpg 768w, https:\/\/tatataaaaa.com\/newklima\/wp-content\/uploads\/2019\/05\/Autissier.jpg 1280w\" sizes=\"auto, (max-width: 1024px) 100vw, 1024px\" \/><figcaption>Isabelle Autissier \/ Photo Youtube maxresdefault<\/figcaption><\/figure>\n\n\n\n<h4 class=\"wp-block-heading\">Vivre le rivage<\/h4>\n\n\n\n<p>Le littoral n\u2019est pas forc\u00e9ment dangereux mais demande de la r\u00e9flexion. Un marin n\u2019aborde pas n\u2019importe comment une terre. Il m\u2019est arriv\u00e9 d\u2019attendre que le jour se l\u00e8ve dans des lieux compliqu\u00e9s, sans balisages s\u00fbrs, pour ne pas m\u2019engager pr\u00e8s d\u2019un rivage dont j\u2019\u00e9tais incertaine. Certains endroits sont \u00e9videmment plus simples que d\u2019autres et les radars et les GPS facilitent la t\u00e2che. Si la navigation en mer se fait sans trop se poser de questions, l\u2019approche d\u2019une terre commence \u00e0 en poser. Le rivage est \u00e0 la fois ce que l\u2019on recherche &#8211; le marin est en mer pour arriver quelque part &#8211; et en m\u00eame temps il est un danger. Un naufrage se fait rarement en pleine mer mais souvent pr\u00e8s d\u2019un rivage&nbsp;: il y a des courants et des vents violents, des bancs de sable, toutes sortes de choses d\u00e9favorables aux marins. L\u2019approche d\u2019un rivage reste donc un moment d\u00e9licat o\u00f9 il faut se pencher sur les cartes et vivre la g\u00e9ographie. Lorsque vous arrivez \u00e0 La Rochelle, vous n\u2019aurez pas les m\u00eames bancs de sable du c\u00f4t\u00e9 nord ou du c\u00f4t\u00e9 sud de l\u2019entr\u00e9e de la baie, ni la m\u00eame d\u00e9viation du vent ou encore la m\u00eame influence du courant qui en sort. Les \u00eeles vont vous canaliser ou vous faire obstacle\u2026 Les marins apprennent donc \u00e0 lire les cartes en fonction de la g\u00e9ographie du vent et de la mer.<\/p>\n\n\n\n<p>Et puis la terre poss\u00e8de en mer tout un imaginaire. Les marins naviguent pour aller quelque part et r\u00eavent du moment o\u00f9 ils pourront voir une petite tache brune \u00e0 l\u2019horizon. Cette terre, quelle qu\u2019elle soit, plus ou moins fantasm\u00e9e, l\u2019\u00e9quipage en r\u00eave, l\u2019attend et le dernier jour, lorsqu\u2019il est susceptible de l\u2019apercevoir, tous sont un peu excit\u00e9s en regardant l\u2019horizon&nbsp;: c\u2019est au premier qui l\u2019apercevra. Mais le v\u00e9ritable soulagement arrive en mouillant l\u2019ancre car l\u2019\u00e9quipage et son bateau sont enfin en s\u00e9curit\u00e9. Pour ma part, j\u2019aime la travers\u00e9e oc\u00e9anique jusqu\u2019au bout, d\u2019abord parce que je sais qu\u2019il faut \u00eatre vigilant jusque dans les derniers milles, et je sais que je pourrai repartir une fois arriv\u00e9e.<\/p>\n\n\n\n<p>Ailleurs dans le monde, des personnes habitent plus intens\u00e9ment le littoral au sens o\u00f9 elles ont un v\u00e9ritable contact avec la mer ou la c\u00f4te, ce m\u00eame contact qui se retrouve par exemple chez les habitants de Marennes Ol\u00e9ron. Il se trouve dans les soci\u00e9t\u00e9s de p\u00eache artisanale, en Afrique par exemple, y compris dans des soci\u00e9t\u00e9s ayant peur de la mer. Au Br\u00e9sil, les gens ont peur de Iemanj\u00e1, la d\u00e9esse de la mer. Une fois par an, les Br\u00e9siliens font une grande f\u00eate pour calmer la d\u00e9esse qui n\u2019aime pas beaucoup les hommes. Je me souviens par exemple d\u2019un ami qui refusait de dormir sur la plage pour cette raison. Au Groenland, au contraire, la mer est un moyen de transport. Les Inuits prennent le bateau comme vous prenez votre voiture puisque les routes y sont inexistantes. Chez ces peuples de p\u00eacheurs, les villages sont enti\u00e8rement tourn\u00e9s vers la mer, vivant de la p\u00eache et de ce qu\u2019offre l\u2019oc\u00e9an.<\/p>\n\n\n\n<p>Rappelez-vous qu\u2019un port de p\u00eache a exist\u00e9 \u00e0 La Rochelle. Les p\u00eacheurs \u00e9taient pr\u00e9sents ici m\u00eame, dans la ville en bois qui \u00e9tait alors un bas quartier. Mais la Charente-Maritime reste une terre d\u2019agriculteurs et d\u2019\u00e9leveurs pour qui marin demeure tout de m\u00eame le dernier des m\u00e9tiers. Lorsque j\u2019\u00e9tais enseignante \u00e0 l\u2019\u00e9cole maritime, je voyais bien qu\u2019on y inscrivait les \u00e9l\u00e8ves qui ne r\u00e9ussissaient pas dans l\u2019enseignement g\u00e9n\u00e9ral&nbsp;: aller \u00e9triper du poisson toute la journ\u00e9e n\u2019\u00e9tait pas un boulot. \u00c7a a chang\u00e9 mais globalement ce sont des m\u00e9tiers peu valoris\u00e9s. Heureusement, ces jeunes sont tr\u00e8s fiers de leur m\u00e9tier d\u00e8s qu\u2019ils le pratiquent&nbsp;!<\/p>\n\n\n\n<h4 class=\"wp-block-heading\">De la d\u00e9fense c\u00f4ti\u00e8re \u00e0 l\u2019adaptation<\/h4>\n\n\n\n<p>L\u2019homme construit des digues depuis longtemps avec cette id\u00e9e que la nature est dangereuse et qu\u2019il faut l\u2019endiguer, la tenir un peu  \u00ab&nbsp;\u00e0 bout de gaffe&nbsp;\u00bb comme on dit dans la marine. Si vous prenez cette ville de La Rochelle, elle fut construite avec l\u2019id\u00e9e de la tenir \u00e0 distance en la cantonnant au port pour y faire entrer les bateaux. Aujourd\u2019hui, les conditions ont chang\u00e9 avec un niveau de la mer qui a tendance \u00e0 monter. On ne trouve pas de solutions alternatives alors on fait monter les digues. Cela aura \u00e9videmment une limite car, tels que nous sommes partis, c\u2019est au minimum 1,00 m d\u2019\u00e9l\u00e9vation \u00e0 la fin du si\u00e8cle et certains scientifiques pr\u00e9disent beaucoup plus. Mais + 1,00 m &#8211; qu\u2019une surcote de mar\u00e9e peut augmenter de plusieurs dizaines de centim\u00e8tres &#8211; deviendra tr\u00e8s compliqu\u00e9 \u00e0 contenir. Il n\u2019y a pas que ce qui est visible, h\u00e9las, mais aussi ce qui se passe en sous-sol avec le d\u00e9port des biseaux d\u2019eau sal\u00e9e&nbsp;: l\u2019eau de mer a tendance \u00e0 s\u2019infiltrer dans le sol pour contaminer les aquif\u00e8res d\u2019eau douce. La mer n\u2019est pas juste un \u00e9l\u00e9ment que l\u2019on entoure d\u2019une digue. Des villes comme Bordeaux s\u2019int\u00e9ressent \u00e9norm\u00e9ment \u00e0 cette question car les nappes phr\u00e9atiques qui assurent leur approvisionnement risquent \u00e0 terme de se saliniser.<\/p>\n\n\n\n<p>En mati\u00e8re de changement climatique il ne faut pas abandonner le terrain de la limitation du r\u00e9chauffement et heureusement la prise de conscience est bien l\u00e0. On voit que la bataille des id\u00e9es est gagn\u00e9e du c\u00f4t\u00e9 des grands \u00c9tats, de la soci\u00e9t\u00e9 civile et des industriels. Maintenant il faut mettre en \u0153uvre ce qu\u2019il faut pour tenir l\u2019objectif de + 2 \u00b0C. Aujourd\u2019hui, les pr\u00e9visions donnent plut\u00f4t + 3,5 \u00b0C \u00e0 condition de faire tout ce que nous avons dit que nous ferions\u2026 Et que nous ne sommes toujours pas en train de faire. Entre 2 et 3 ou 4 \u00b0C, il peut se produire des ph\u00e9nom\u00e8nes d\u2019emballement qui feront monter la temp\u00e9rature encore plus haut&nbsp;: + 6 \u00b0C, 7 ou d\u2019avantage. D\u2019autre part, les stocks de gaz m\u00e9thane dans le fond des oc\u00e9ans et les terres gel\u00e9es sont une v\u00e9ritable bombe \u00e0 retardement&nbsp;: quelques degr\u00e9s peuvent suffire \u00e0 lib\u00e9rer ce m\u00e9thane dans l\u2019atmosph\u00e8re et il deviendra un probl\u00e8me beaucoup plus important que le CO2. Ce ne sera alors une \u00e9l\u00e9vation des temp\u00e9ratures bien plus importante et la vie des \u00eatres humains sur terre pourrait commencer \u00e0 devenir vraiment difficile.<\/p>\n\n\n\n<p>La question de l\u2019adaptation se pose pour deux raisons. D\u2019une part, nous ne sommes pas encore sur la trajectoire des + 2 \u00b0C. Et d\u2019autre part, la nature a un temps de r\u00e9action avec ce qui est d\u00e9j\u00e0  \u00ab&nbsp;mis dans les tuyaux&nbsp;\u00bb. L\u2019oc\u00e9an va continuer \u00e0 se dilater sous l\u2019effet des gaz \u00e0 effet de serre d\u00e9j\u00e0 pr\u00e9sent dans l\u2019atmosph\u00e8re avec les eaux chaudes de surface qui tendent \u00e0 r\u00e9chauffer les profondeurs. L\u2019oc\u00e9an va donc se dilater un peu plus, et m\u00eame en stoppant les \u00e9missions de gaz \u00e0 effet de serre \u00e0 partir de cette ann\u00e9e, cette trajectoire ne s\u2019infl\u00e9chira pas imm\u00e9diatement. Le niveau de la mer va donc monter inexorablement. L\u2019adaptation doit \u00eatre men\u00e9e en m\u00eame temps que l\u2019att\u00e9nuation et nous devons y penser d\u00e8s \u00e0 pr\u00e9sent. N\u2019oublions pas qu\u2019une construction, quelle que soit sa nature, est faite pour 50 ans ou m\u00eame un si\u00e8cle. Ce qui se construit aujourd\u2019hui sera donc g\u00e9r\u00e9 par nos enfants en 2100. Or, il existe deux fa\u00e7ons de s\u2019adapter&nbsp;: soit vous r\u00e9fl\u00e9chissez maintenant avec un minimum de d\u00e9bat public en recherchant des consensus pour savoir quoi faire et comment le financer, soit vous attendez que cela se passe mal et, l\u00e0, vous aurez des d\u00e9cisions arbitraires parce que ce ne sera plus le moment de discuter. C\u2019est d\u2019ailleurs la seconde version que nous avons pu voir \u00e0 l\u2019oeuvre au moment de la temp\u00eate Xynthia o\u00f9 des d\u00e9molitions ont \u00e9t\u00e9 d\u00e9cid\u00e9es du jour au lendemain et sans d\u00e9bat public. Une grande partie de la sensibilisation sur les questions climatiques se fait en France lorsque les gens ont vu de leurs yeux des cyclones violents, des tsunamis et des temp\u00eates. \u00c0 ce moment-l\u00e0, comme Saint-Thomas, ils acceptent les faits. Sinon, ils ont beaucoup de mal \u00e0 accepter cette r\u00e9alit\u00e9 qui d\u00e9range leurs habitudes de vie, les oblige \u00e0 penser autrement et \u00e0 changer. C\u2019est pour cela que les climatosceptiques ont eu une facilit\u00e9 de langage puisqu\u2019ils nous autorisaient \u00e0 conserver nos habitudes.<\/p>\n\n\n\n<p>L\u2019\u00e9l\u00e9vation du niveau de la mer n\u2019est pas encore admise par tous mais cette sensibilit\u00e9 commence \u00e0 se diffuser. Il y a pourtant des faits tangibles et le d\u00e9cryptage des scientifiques. D\u2019un c\u00f4t\u00e9 les hommes se sont install\u00e9s pr\u00e8s de la mer et de l\u2019autre la mer monte. Forc\u00e9ment, \u00e7a clashe \u00e0 un certain moment comme avec la temp\u00eate Xynthia. Ensuite, les \u00e9lus se sont en partie empar\u00e9s de ces questions et des travaux de d\u00e9fense c\u00f4ti\u00e8re voient aujourd\u2019hui le jour. L\u2019\u00e9l\u00e9vation du niveau de la mer arrive dans le d\u00e9bat public et les gens en parlent. Si vous interrogez les Fran\u00e7ais sur ce qu\u2019ils pensent des PAPI, ils r\u00e9pondront que c\u2019est une bonne id\u00e9e et qu\u2019ils sont contents que leurs imp\u00f4ts financent des digues qui les prot\u00e8gent. Ils auraient r\u00e9pondu 15 ans plus t\u00f4t qu\u2019il \u00e9tait pr\u00e9f\u00e9rable de construire des cr\u00e8ches et des h\u00f4pitaux. Reste le sentiment que cette protection est de l\u2019unique responsabilit\u00e9 de l\u2019\u00c9tat et des collectivit\u00e9s. Nous ne sommes pas encore arriv\u00e9s au constat que si nous sommes dans cette situation, c\u2019est bien que nous avons collectivement pris des risques en habitant au plus pr\u00e8s du rivage. Construire un bout de digue n\u2019est qu\u2019un coup de baguette magique et un raisonnement enfantin qui arrange tout le monde. Nous \u00e9conomisons ainsi une r\u00e9flexion sur la fa\u00e7on dont nous vivons et dont nous consommons. Mais lorsque la  \u00ab&nbsp;diguette&nbsp;\u00bb sera d\u00e9pass\u00e9e, les habitants qui seront derri\u00e8re n\u2019auront plus le choix. Si le port doit \u00eatre prot\u00e9g\u00e9 par une digue de 4,50 m de hauteur, on commencera \u00e0 r\u00e9fl\u00e9chir autrement, mais ce n\u2019est malheureusement pas dans l\u2019imm\u00e9diat.<\/p>\n\n\n\n<h4 class=\"wp-block-heading\">Un nouveau rapport \u00e0 la nature et au climat<\/h4>\n\n\n\n<p>La question du climat impose un changement de soci\u00e9t\u00e9 pour arriver \u00e0 baisser notre empreinte environnementale et cela peut m\u00eame \u00eatre extr\u00eamement g\u00e9n\u00e9rateur d\u2019emplois et d\u2019innovations, ne serait-ce que dans les \u00e9nergies renouvelables. Le kilowatt de nucl\u00e9aire fournit beaucoup moins d\u2019emplois que le kilowatt de renouvelable. Il y a l\u00e0 un gisement d\u2019emplois, d\u2019inventivit\u00e9 et de recherche\u2026 Le comportement des grands investisseurs est d\u2019ailleurs encourageant&nbsp;: la bourse sort petit \u00e0 petit des industries fossiles et des investissements de plusieurs milliards d\u2019Euros amorcent un v\u00e9ritable changement \u00e0 l\u2019\u00e9chelle. Planter trois \u00e9oliennes ne change pas grand-chose. L\u2019effondrement boursier du charbon et bient\u00f4t du p\u00e9trole et du gaz fait que l\u2019argent est en train de  \u00ab&nbsp;changer de poche&nbsp;\u00bb et cela s\u2019acc\u00e9l\u00e8re depuis COP 21. L\u2019exemple qui est souvent pris est celui des \u00c9tats-Unis \u00e0 la fin du XIXe si\u00e8cle, o\u00f9 toutes les grandes valeurs boursi\u00e8res \u00e9taient li\u00e9es aux chemins de fer jusqu\u2019au jour o\u00f9 du p\u00e9trole fut trouv\u00e9 au Texas. L\u2019argent  \u00ab&nbsp;a chang\u00e9 de poche&nbsp;\u00bb, du train au p\u00e9trole, en quelques ann\u00e9es. Le basculement a \u00e9t\u00e9 rapide avec un changement de soci\u00e9t\u00e9 o\u00f9 le r\u00eave am\u00e9ricain s\u2019est alors construit autour de la voiture.<\/p>\n\n\n\n<p>Les habitants du littoral vivent dans un endroit qu\u2019ils consid\u00e8rent comme joli mais il n\u2019ont plus forcement la connaissance de la mer. Je ne suis pas s\u00fbre que les Rochelais se baignent dans la mer beaucoup plus que les habitants de Garges-l\u00e8s-Gonesse. On a construit une soci\u00e9t\u00e9 o\u00f9 l\u2019\u00eatre humain est quasiment ext\u00e9rieur \u00e0 la nature. Apr\u00e8s tout, les religions du livre disent que Dieu a cr\u00e9\u00e9 l\u2019homme et que la nature doit lui ob\u00e9ir au doigt et \u00e0 l\u2019\u0153il. Elle n\u2019a d\u2019ailleurs aucune valeur en elle-m\u00eame. Le poisson dans la mer n\u2019a pas de valeur mais il en prend sur l\u2019\u00e9talage du poissonnier car entre-temps il a \u00e9t\u00e9 p\u00each\u00e9. C\u2019est tout le d\u00e9bat actuel pour donner un prix intrins\u00e8que \u00e0 la nature car celle-ci ne vaut rien en elle-m\u00eame dans l\u2019esprit commun. Le sauvage s\u00e9duit de loin mais il reste per\u00e7u comme dangereux, impr\u00e9visible et sale. Une \u00e9tude avait \u00e9t\u00e9 faite sur ce qui g\u00eane les vacanciers \u00e0 la plage et le sable arrivait en premi\u00e8re position parce qu&rsquo;il colle au maillot de bain. Voil\u00e0, nous en sommes l\u00e0.<\/p>\n\n\n\n<p>Le WWF France observe que 50&nbsp;% de la population mondiale habite en ville. Les villes sont donc en premi\u00e8re ligne sur ces questions d\u2019adaptation face au changement du climat mais aussi dans la pr\u00e9servation de la biodiversit\u00e9, qui reste malheureusement un sujet trop peu mis en avant. N\u2019oublions jamais que l\u2019\u00e9croulement de la biodiversit\u00e9 reste la deuxi\u00e8me grosse menace pour les \u00eatres humains. La bataille des id\u00e9es est presque gagn\u00e9e pour le climat mais il est loin de l\u2019\u00eatre concernant la biodiversit\u00e9. Pour le climat, on a mis 20 ans environ, et compter les tonnes de carbone reste simple, de m\u00eame que mettre en rapport ces quantit\u00e9s et la variation des temp\u00e9ratures ou du niveau des mers. Pour la biodiversit\u00e9, il y a des centaines de milliers d\u2019esp\u00e8ces qui sont toutes enchev\u00eatr\u00e9es les unes dans les autres. J\u2019aime l\u2019image du mikado o\u00f9 l\u2019homme serait la derni\u00e8re baguette au dessus, or, lorsque vous tirez une, situ\u00e9e en dessous, c\u2019est toute la pyramide qui peut s\u2019\u00e9crouler. Dans notre vie de tous les jours, nous n\u2019arr\u00eatons pas d\u2019impacter la biodiversit\u00e9 sans nous en rendre compte. Un t\u00e9l\u00e9phone portable repr\u00e9sente 60 kg de mati\u00e8re qui ont \u00e9t\u00e9 extraits de la terre avec autant d\u2019atteinte \u00e0 la biodiversit\u00e9 par l\u2019exploitation des mines, la d\u00e9forestation\u2026 Sauf que vous ne l\u2019avez pas sous les yeux parce que cela se passe en Chine ou au Pakistan oriental. Vous ne voyez que votre t\u00e9l\u00e9phone et vous vous dites que finalement ce truc-l\u00e0 est tr\u00e8s pratique&nbsp;: le rapport entre les deux est tr\u00e8s compliqu\u00e9.<\/p>\n","protected":false},"excerpt":{"rendered":"<p>Entretien avec Isabelle Autissier sur la navigation, l&rsquo;approche des rivages et l&rsquo;avenir des communaut\u00e9s c\u00f4ti\u00e8res.<\/p>\n","protected":false},"author":4,"featured_media":645,"comment_status":"closed","ping_status":"closed","sticky":false,"template":"","format":"standard","meta":{"footnotes":""},"categories":[1],"tags":[],"class_list":["post-627","post","type-post","status-publish","format-standard","has-post-thumbnail","hentry","category-articles"],"yoast_head":"<!-- This site is optimized with the Yoast SEO plugin v24.2 - https:\/\/yoast.com\/wordpress\/plugins\/seo\/ -->\n<title>Un nouveau rapport \u00e0 la nature et au climat<\/title>\n<meta name=\"robots\" content=\"index, follow, max-snippet:-1, max-image-preview:large, max-video-preview:-1\" \/>\n<link rel=\"canonical\" href=\"https:\/\/tatataaaaa.com\/newklima\/un-nouveau-rapport-a-la-nature-et-au-climat\/\" \/>\n<meta property=\"og:locale\" content=\"fr_FR\" \/>\n<meta property=\"og:type\" content=\"article\" \/>\n<meta property=\"og:title\" content=\"Un nouveau rapport \u00e0 la nature et au climat\" \/>\n<meta property=\"og:description\" content=\"Entretien avec Isabelle Autissier sur la navigation, l&#039;approche des rivages et l&#039;avenir des communaut\u00e9s c\u00f4ti\u00e8res.\" \/>\n<meta property=\"og:url\" content=\"https:\/\/tatataaaaa.com\/newklima\/un-nouveau-rapport-a-la-nature-et-au-climat\/\" \/>\n<meta property=\"og:site_name\" content=\"Atelier Klima\" \/>\n<meta property=\"article:published_time\" content=\"2019-04-15T18:03:30+00:00\" \/>\n<meta property=\"article:modified_time\" content=\"2023-03-15T10:54:06+00:00\" \/>\n<meta property=\"og:image\" content=\"https:\/\/tatataaaaa.com\/newklima\/wp-content\/uploads\/2019\/05\/Autissier.jpg\" \/>\n\t<meta property=\"og:image:width\" content=\"1280\" \/>\n\t<meta property=\"og:image:height\" content=\"720\" \/>\n\t<meta property=\"og:image:type\" content=\"image\/jpeg\" \/>\n<meta name=\"author\" content=\"Jean Richer\" \/>\n<meta name=\"twitter:card\" content=\"summary_large_image\" \/>\n<meta name=\"twitter:creator\" content=\"@Klima_ONG\" \/>\n<meta name=\"twitter:site\" content=\"@Klima_ONG\" \/>\n<meta name=\"twitter:label1\" content=\"\u00c9crit par\" \/>\n\t<meta name=\"twitter:data1\" content=\"Jean Richer\" \/>\n\t<meta name=\"twitter:label2\" content=\"Dur\u00e9e de lecture estim\u00e9e\" \/>\n\t<meta name=\"twitter:data2\" content=\"13 minutes\" \/>\n<script type=\"application\/ld+json\" class=\"yoast-schema-graph\">{\"@context\":\"https:\/\/schema.org\",\"@graph\":[{\"@type\":\"Article\",\"@id\":\"https:\/\/tatataaaaa.com\/newklima\/un-nouveau-rapport-a-la-nature-et-au-climat\/#article\",\"isPartOf\":{\"@id\":\"https:\/\/tatataaaaa.com\/newklima\/un-nouveau-rapport-a-la-nature-et-au-climat\/\"},\"author\":{\"name\":\"Jean Richer\",\"@id\":\"https:\/\/tatataaaaa.com\/newklima\/#\/schema\/person\/0b0bea4977da74011d4921741eeaf5cf\"},\"headline\":\"Un nouveau rapport \u00e0 la nature et au climat\",\"datePublished\":\"2019-04-15T18:03:30+00:00\",\"dateModified\":\"2023-03-15T10:54:06+00:00\",\"mainEntityOfPage\":{\"@id\":\"https:\/\/tatataaaaa.com\/newklima\/un-nouveau-rapport-a-la-nature-et-au-climat\/\"},\"wordCount\":2613,\"publisher\":{\"@id\":\"https:\/\/tatataaaaa.com\/newklima\/#organization\"},\"image\":{\"@id\":\"https:\/\/tatataaaaa.com\/newklima\/un-nouveau-rapport-a-la-nature-et-au-climat\/#primaryimage\"},\"thumbnailUrl\":\"https:\/\/tatataaaaa.com\/newklima\/wp-content\/uploads\/2019\/05\/Autissier.jpg\",\"articleSection\":[\"Articles\"],\"inLanguage\":\"fr-FR\"},{\"@type\":\"WebPage\",\"@id\":\"https:\/\/tatataaaaa.com\/newklima\/un-nouveau-rapport-a-la-nature-et-au-climat\/\",\"url\":\"https:\/\/tatataaaaa.com\/newklima\/un-nouveau-rapport-a-la-nature-et-au-climat\/\",\"name\":\"Un nouveau rapport \u00e0 la nature et au climat\",\"isPartOf\":{\"@id\":\"https:\/\/tatataaaaa.com\/newklima\/#website\"},\"primaryImageOfPage\":{\"@id\":\"https:\/\/tatataaaaa.com\/newklima\/un-nouveau-rapport-a-la-nature-et-au-climat\/#primaryimage\"},\"image\":{\"@id\":\"https:\/\/tatataaaaa.com\/newklima\/un-nouveau-rapport-a-la-nature-et-au-climat\/#primaryimage\"},\"thumbnailUrl\":\"https:\/\/tatataaaaa.com\/newklima\/wp-content\/uploads\/2019\/05\/Autissier.jpg\",\"datePublished\":\"2019-04-15T18:03:30+00:00\",\"dateModified\":\"2023-03-15T10:54:06+00:00\",\"breadcrumb\":{\"@id\":\"https:\/\/tatataaaaa.com\/newklima\/un-nouveau-rapport-a-la-nature-et-au-climat\/#breadcrumb\"},\"inLanguage\":\"fr-FR\",\"potentialAction\":[{\"@type\":\"ReadAction\",\"target\":[\"https:\/\/tatataaaaa.com\/newklima\/un-nouveau-rapport-a-la-nature-et-au-climat\/\"]}]},{\"@type\":\"ImageObject\",\"inLanguage\":\"fr-FR\",\"@id\":\"https:\/\/tatataaaaa.com\/newklima\/un-nouveau-rapport-a-la-nature-et-au-climat\/#primaryimage\",\"url\":\"https:\/\/tatataaaaa.com\/newklima\/wp-content\/uploads\/2019\/05\/Autissier.jpg\",\"contentUrl\":\"https:\/\/tatataaaaa.com\/newklima\/wp-content\/uploads\/2019\/05\/Autissier.jpg\",\"width\":\"1280\",\"height\":\"720\",\"caption\":\"Isabelle Autissier est pr\u00e9sident de WWWF et musicienne et conteuse \/ Photo Youtube maxresdefault\"},{\"@type\":\"BreadcrumbList\",\"@id\":\"https:\/\/tatataaaaa.com\/newklima\/un-nouveau-rapport-a-la-nature-et-au-climat\/#breadcrumb\",\"itemListElement\":[{\"@type\":\"ListItem\",\"position\":1,\"name\":\"Home\",\"item\":\"https:\/\/tatataaaaa.com\/newklima\/\"},{\"@type\":\"ListItem\",\"position\":2,\"name\":\"Un nouveau rapport \u00e0 la nature et au climat\"}]},{\"@type\":\"WebSite\",\"@id\":\"https:\/\/tatataaaaa.com\/newklima\/#website\",\"url\":\"https:\/\/tatataaaaa.com\/newklima\/\",\"name\":\"Atelier Klima\",\"description\":\"Adaptation littorale au changement climatique\",\"publisher\":{\"@id\":\"https:\/\/tatataaaaa.com\/newklima\/#organization\"},\"potentialAction\":[{\"@type\":\"SearchAction\",\"target\":{\"@type\":\"EntryPoint\",\"urlTemplate\":\"https:\/\/tatataaaaa.com\/newklima\/?s={search_term_string}\"},\"query-input\":{\"@type\":\"PropertyValueSpecification\",\"valueRequired\":true,\"valueName\":\"search_term_string\"}}],\"inLanguage\":\"fr-FR\"},{\"@type\":\"Organization\",\"@id\":\"https:\/\/tatataaaaa.com\/newklima\/#organization\",\"name\":\"Atelier Klima\",\"url\":\"https:\/\/tatataaaaa.com\/newklima\/\",\"logo\":{\"@type\":\"ImageObject\",\"inLanguage\":\"fr-FR\",\"@id\":\"https:\/\/tatataaaaa.com\/newklima\/#\/schema\/logo\/image\/\",\"url\":\"https:\/\/tatataaaaa.com\/newklima\/wp-content\/uploads\/2019\/03\/klima-ong-favicon.gif\",\"contentUrl\":\"https:\/\/tatataaaaa.com\/newklima\/wp-content\/uploads\/2019\/03\/klima-ong-favicon.gif\",\"width\":512,\"height\":512,\"caption\":\"Atelier Klima\"},\"image\":{\"@id\":\"https:\/\/tatataaaaa.com\/newklima\/#\/schema\/logo\/image\/\"},\"sameAs\":[\"https:\/\/x.com\/Klima_ONG\",\"https:\/\/www.instagram.com\/sophiedulau\/\"]},{\"@type\":\"Person\",\"@id\":\"https:\/\/tatataaaaa.com\/newklima\/#\/schema\/person\/0b0bea4977da74011d4921741eeaf5cf\",\"name\":\"Jean Richer\",\"image\":{\"@type\":\"ImageObject\",\"inLanguage\":\"fr-FR\",\"@id\":\"https:\/\/tatataaaaa.com\/newklima\/#\/schema\/person\/image\/\",\"url\":\"https:\/\/secure.gravatar.com\/avatar\/7f0b8ea5316c544ebdee348443dbdd6c?s=96&d=mm&r=g\",\"contentUrl\":\"https:\/\/secure.gravatar.com\/avatar\/7f0b8ea5316c544ebdee348443dbdd6c?s=96&d=mm&r=g\",\"caption\":\"Jean Richer\"},\"description\":\"Jean Richer a \u00e9t\u00e9 laur\u00e9at du Palmar\u00e8s des jeunes urbanistes en 2010 pour son travail sur l\u2019urbanisme temporel. D\u2019abord chef de groupe \u00ab ville, innovation, architecture \u00bb au Cerema Normandie Centre, il est aujourd\u2019hui architecte des b\u00e2timents de France dans les Deux-S\u00e8vres. De ces exp\u00e9riences, il a d\u00e9velopp\u00e9 une expertise sur les relations entre architecture, paysage et climat, il est pr\u00e9sident de l\u2019association Atelier de Recherche Temporelle et effectue une recherche doctorale sur l\u2019urbaniste et philosophe Paul Virilio et l\u2019\u00e9cologie grise \u00e0 l'ENSA-Paris Malaquais. Voir le site https:\/\/a-r-t.ong\/\",\"sameAs\":[\"http:\/\/www.atelierderecherchetemporelle.com\/\"],\"url\":\"https:\/\/tatataaaaa.com\/newklima\/author\/jean\/\"}]}<\/script>\n<!-- \/ Yoast SEO plugin. -->","yoast_head_json":{"title":"Un nouveau rapport \u00e0 la nature et au climat","robots":{"index":"index","follow":"follow","max-snippet":"max-snippet:-1","max-image-preview":"max-image-preview:large","max-video-preview":"max-video-preview:-1"},"canonical":"https:\/\/tatataaaaa.com\/newklima\/un-nouveau-rapport-a-la-nature-et-au-climat\/","og_locale":"fr_FR","og_type":"article","og_title":"Un nouveau rapport \u00e0 la nature et au climat","og_description":"Entretien avec Isabelle Autissier sur la navigation, l'approche des rivages et l'avenir des communaut\u00e9s c\u00f4ti\u00e8res.","og_url":"https:\/\/tatataaaaa.com\/newklima\/un-nouveau-rapport-a-la-nature-et-au-climat\/","og_site_name":"Atelier Klima","article_published_time":"2019-04-15T18:03:30+00:00","article_modified_time":"2023-03-15T10:54:06+00:00","og_image":[{"width":1280,"height":720,"url":"https:\/\/tatataaaaa.com\/newklima\/wp-content\/uploads\/2019\/05\/Autissier.jpg","type":"image\/jpeg"}],"author":"Jean Richer","twitter_card":"summary_large_image","twitter_creator":"@Klima_ONG","twitter_site":"@Klima_ONG","twitter_misc":{"\u00c9crit par":"Jean Richer","Dur\u00e9e de lecture estim\u00e9e":"13 minutes"},"schema":{"@context":"https:\/\/schema.org","@graph":[{"@type":"Article","@id":"https:\/\/tatataaaaa.com\/newklima\/un-nouveau-rapport-a-la-nature-et-au-climat\/#article","isPartOf":{"@id":"https:\/\/tatataaaaa.com\/newklima\/un-nouveau-rapport-a-la-nature-et-au-climat\/"},"author":{"name":"Jean Richer","@id":"https:\/\/tatataaaaa.com\/newklima\/#\/schema\/person\/0b0bea4977da74011d4921741eeaf5cf"},"headline":"Un nouveau rapport \u00e0 la nature et au climat","datePublished":"2019-04-15T18:03:30+00:00","dateModified":"2023-03-15T10:54:06+00:00","mainEntityOfPage":{"@id":"https:\/\/tatataaaaa.com\/newklima\/un-nouveau-rapport-a-la-nature-et-au-climat\/"},"wordCount":2613,"publisher":{"@id":"https:\/\/tatataaaaa.com\/newklima\/#organization"},"image":{"@id":"https:\/\/tatataaaaa.com\/newklima\/un-nouveau-rapport-a-la-nature-et-au-climat\/#primaryimage"},"thumbnailUrl":"https:\/\/tatataaaaa.com\/newklima\/wp-content\/uploads\/2019\/05\/Autissier.jpg","articleSection":["Articles"],"inLanguage":"fr-FR"},{"@type":"WebPage","@id":"https:\/\/tatataaaaa.com\/newklima\/un-nouveau-rapport-a-la-nature-et-au-climat\/","url":"https:\/\/tatataaaaa.com\/newklima\/un-nouveau-rapport-a-la-nature-et-au-climat\/","name":"Un nouveau rapport \u00e0 la nature et au climat","isPartOf":{"@id":"https:\/\/tatataaaaa.com\/newklima\/#website"},"primaryImageOfPage":{"@id":"https:\/\/tatataaaaa.com\/newklima\/un-nouveau-rapport-a-la-nature-et-au-climat\/#primaryimage"},"image":{"@id":"https:\/\/tatataaaaa.com\/newklima\/un-nouveau-rapport-a-la-nature-et-au-climat\/#primaryimage"},"thumbnailUrl":"https:\/\/tatataaaaa.com\/newklima\/wp-content\/uploads\/2019\/05\/Autissier.jpg","datePublished":"2019-04-15T18:03:30+00:00","dateModified":"2023-03-15T10:54:06+00:00","breadcrumb":{"@id":"https:\/\/tatataaaaa.com\/newklima\/un-nouveau-rapport-a-la-nature-et-au-climat\/#breadcrumb"},"inLanguage":"fr-FR","potentialAction":[{"@type":"ReadAction","target":["https:\/\/tatataaaaa.com\/newklima\/un-nouveau-rapport-a-la-nature-et-au-climat\/"]}]},{"@type":"ImageObject","inLanguage":"fr-FR","@id":"https:\/\/tatataaaaa.com\/newklima\/un-nouveau-rapport-a-la-nature-et-au-climat\/#primaryimage","url":"https:\/\/tatataaaaa.com\/newklima\/wp-content\/uploads\/2019\/05\/Autissier.jpg","contentUrl":"https:\/\/tatataaaaa.com\/newklima\/wp-content\/uploads\/2019\/05\/Autissier.jpg","width":"1280","height":"720","caption":"Isabelle Autissier est pr\u00e9sident de WWWF et musicienne et conteuse \/ Photo Youtube maxresdefault"},{"@type":"BreadcrumbList","@id":"https:\/\/tatataaaaa.com\/newklima\/un-nouveau-rapport-a-la-nature-et-au-climat\/#breadcrumb","itemListElement":[{"@type":"ListItem","position":1,"name":"Home","item":"https:\/\/tatataaaaa.com\/newklima\/"},{"@type":"ListItem","position":2,"name":"Un nouveau rapport \u00e0 la nature et au climat"}]},{"@type":"WebSite","@id":"https:\/\/tatataaaaa.com\/newklima\/#website","url":"https:\/\/tatataaaaa.com\/newklima\/","name":"Atelier Klima","description":"Adaptation littorale au changement climatique","publisher":{"@id":"https:\/\/tatataaaaa.com\/newklima\/#organization"},"potentialAction":[{"@type":"SearchAction","target":{"@type":"EntryPoint","urlTemplate":"https:\/\/tatataaaaa.com\/newklima\/?s={search_term_string}"},"query-input":{"@type":"PropertyValueSpecification","valueRequired":true,"valueName":"search_term_string"}}],"inLanguage":"fr-FR"},{"@type":"Organization","@id":"https:\/\/tatataaaaa.com\/newklima\/#organization","name":"Atelier Klima","url":"https:\/\/tatataaaaa.com\/newklima\/","logo":{"@type":"ImageObject","inLanguage":"fr-FR","@id":"https:\/\/tatataaaaa.com\/newklima\/#\/schema\/logo\/image\/","url":"https:\/\/tatataaaaa.com\/newklima\/wp-content\/uploads\/2019\/03\/klima-ong-favicon.gif","contentUrl":"https:\/\/tatataaaaa.com\/newklima\/wp-content\/uploads\/2019\/03\/klima-ong-favicon.gif","width":512,"height":512,"caption":"Atelier Klima"},"image":{"@id":"https:\/\/tatataaaaa.com\/newklima\/#\/schema\/logo\/image\/"},"sameAs":["https:\/\/x.com\/Klima_ONG","https:\/\/www.instagram.com\/sophiedulau\/"]},{"@type":"Person","@id":"https:\/\/tatataaaaa.com\/newklima\/#\/schema\/person\/0b0bea4977da74011d4921741eeaf5cf","name":"Jean Richer","image":{"@type":"ImageObject","inLanguage":"fr-FR","@id":"https:\/\/tatataaaaa.com\/newklima\/#\/schema\/person\/image\/","url":"https:\/\/secure.gravatar.com\/avatar\/7f0b8ea5316c544ebdee348443dbdd6c?s=96&d=mm&r=g","contentUrl":"https:\/\/secure.gravatar.com\/avatar\/7f0b8ea5316c544ebdee348443dbdd6c?s=96&d=mm&r=g","caption":"Jean Richer"},"description":"Jean Richer a \u00e9t\u00e9 laur\u00e9at du Palmar\u00e8s des jeunes urbanistes en 2010 pour son travail sur l\u2019urbanisme temporel. D\u2019abord chef de groupe \u00ab ville, innovation, architecture \u00bb au Cerema Normandie Centre, il est aujourd\u2019hui architecte des b\u00e2timents de France dans les Deux-S\u00e8vres. De ces exp\u00e9riences, il a d\u00e9velopp\u00e9 une expertise sur les relations entre architecture, paysage et climat, il est pr\u00e9sident de l\u2019association Atelier de Recherche Temporelle et effectue une recherche doctorale sur l\u2019urbaniste et philosophe Paul Virilio et l\u2019\u00e9cologie grise \u00e0 l'ENSA-Paris Malaquais. Voir le site https:\/\/a-r-t.ong\/","sameAs":["http:\/\/www.atelierderecherchetemporelle.com\/"],"url":"https:\/\/tatataaaaa.com\/newklima\/author\/jean\/"}]}},"_links":{"self":[{"href":"https:\/\/tatataaaaa.com\/newklima\/wp-json\/wp\/v2\/posts\/627","targetHints":{"allow":["GET"]}}],"collection":[{"href":"https:\/\/tatataaaaa.com\/newklima\/wp-json\/wp\/v2\/posts"}],"about":[{"href":"https:\/\/tatataaaaa.com\/newklima\/wp-json\/wp\/v2\/types\/post"}],"author":[{"embeddable":true,"href":"https:\/\/tatataaaaa.com\/newklima\/wp-json\/wp\/v2\/users\/4"}],"replies":[{"embeddable":true,"href":"https:\/\/tatataaaaa.com\/newklima\/wp-json\/wp\/v2\/comments?post=627"}],"version-history":[{"count":5,"href":"https:\/\/tatataaaaa.com\/newklima\/wp-json\/wp\/v2\/posts\/627\/revisions"}],"predecessor-version":[{"id":707,"href":"https:\/\/tatataaaaa.com\/newklima\/wp-json\/wp\/v2\/posts\/627\/revisions\/707"}],"wp:featuredmedia":[{"embeddable":true,"href":"https:\/\/tatataaaaa.com\/newklima\/wp-json\/wp\/v2\/media\/645"}],"wp:attachment":[{"href":"https:\/\/tatataaaaa.com\/newklima\/wp-json\/wp\/v2\/media?parent=627"}],"wp:term":[{"taxonomy":"category","embeddable":true,"href":"https:\/\/tatataaaaa.com\/newklima\/wp-json\/wp\/v2\/categories?post=627"},{"taxonomy":"post_tag","embeddable":true,"href":"https:\/\/tatataaaaa.com\/newklima\/wp-json\/wp\/v2\/tags?post=627"}],"curies":[{"name":"wp","href":"https:\/\/api.w.org\/{rel}","templated":true}]}}