{"id":5394,"date":"2021-08-07T14:01:39","date_gmt":"2021-08-07T14:01:39","guid":{"rendered":"https:\/\/tatataaaaa.com\/newklima\/?p=5394"},"modified":"2023-03-15T10:52:20","modified_gmt":"2023-03-15T10:52:20","slug":"les-damnees-de-la-mer-femmes-et-frontieres-en-mediterranee","status":"publish","type":"post","link":"https:\/\/tatataaaaa.com\/newklima\/les-damnees-de-la-mer-femmes-et-frontieres-en-mediterranee\/","title":{"rendered":"Les damn\u00e9es de la mer, femmes et fronti\u00e8res en M\u00e9diterran\u00e9e"},"content":{"rendered":"\n<h2 class=\"wp-block-heading\">Le contexte<\/h2>\n\n\n\n<p><\/p>\n\n\n\n<h4 class=\"wp-block-heading\"><em>Contexte climatique et g\u00e9opolitique\u00a0: vers une augmentation des migrations <\/em>\u00a0<\/h4>\n\n\n\n<p>Le 23 juin 2021 les experts du climat de l\u2019ONU ont d\u00e9voil\u00e9 un nouveau projet de rapport montrant que les impacts du d\u00e9r\u00e8glement climatique vont s\u2019acc\u00e9l\u00e9rer et que des changements irr\u00e9versibles sont \u00e0 pr\u00e9voir au-del\u00e0 du seuil de r\u00e9chauffement moyen de la plan\u00e8te de +1.5 degr\u00e9.<\/p>\n\n\n\n<blockquote class=\"wp-block-quote is-layout-flow wp-block-quote-is-layout-flow\"><p><em>\u00ab&nbsp;Les niveaux actuels d\u2019adaptation seront insuffisants pour r\u00e9pondre aux futurs risques climatiques&nbsp;<\/em>\u00bb GIEC&nbsp;<\/p><\/blockquote>\n\n\n\n<p>Les chercheurs mettent aussi en avant qu\u2019en 2050, des centaines de millions d\u2019habitants de villes c\u00f4ti\u00e8res seront menac\u00e9s tr\u00e8s fr\u00e9quemment par des \u00e9pisodes de submersion provoqu\u00e9s par la hausse du niveau de la mer, ce qui entrainera une multiplication des migrations. Elles s\u2019ajouteront aux migrations d\u00e9j\u00e0 provoqu\u00e9es par les violences li\u00e9es aux conflits et aux dictatures. Afin d\u2019appr\u00e9hender ce ph\u00e9nom\u00e8ne migratoire et d\u2019int\u00e9grer au mieux dans le dispositif national d\u2019accueil les demandeurs d\u2019asiles il est important d\u2019interroger le modele institutionnel actuel qui est aujourd\u2019hui un syst\u00e8me d\u2019accueil sous-dimensionn\u00e9 qui semble \u00eatre de moins en moins accessible.<\/p>\n\n\n\n<div class=\"wp-block-image\"><figure class=\"aligncenter size-large\"><img loading=\"lazy\" decoding=\"async\" width=\"1024\" height=\"464\" src=\"https:\/\/tatataaaaa.com\/newklima\/wp-content\/uploads\/2021\/08\/@-Anthony-Jean-1024x464.jpg\" alt=\"\" class=\"wp-image-5397\" srcset=\"https:\/\/tatataaaaa.com\/newklima\/wp-content\/uploads\/2021\/08\/@-Anthony-Jean-1024x464.jpg 1024w, https:\/\/tatataaaaa.com\/newklima\/wp-content\/uploads\/2021\/08\/@-Anthony-Jean-300x136.jpg 300w, https:\/\/tatataaaaa.com\/newklima\/wp-content\/uploads\/2021\/08\/@-Anthony-Jean-768x348.jpg 768w, https:\/\/tatataaaaa.com\/newklima\/wp-content\/uploads\/2021\/08\/@-Anthony-Jean.jpg 1170w\" sizes=\"auto, (max-width: 1024px) 100vw, 1024px\" \/><figcaption>\u00a9 Anthony Jean<\/figcaption><\/figure><\/div>\n\n\n\n<p>Dans ce cadre, nous avons avons choisi de nous int\u00e9resser au travail de recherche de Camille Schmoll traitant des migrations de femmes et de leur travers\u00e9e de la M\u00e9diterran\u00e9e. Ce qui nous permettra de mieux comprendre les motivations de certains exil\u00e9s.&nbsp;<br><\/p>\n\n\n\n<h4 class=\"wp-block-heading\"><em>Camille Schmoll, ses domaines de recherche<\/em><\/h4>\n\n\n\n<p>Camille Schmoll est g\u00e9ographe enseignante \u00e0 l&rsquo;Universit\u00e9 de Paris et directrice d\u2019\u00e9tudes \u00e0 l\u2019EHESS, elle est aussi membre du laboratoire G\u00e9ographie-cit\u00e9s et IC Migrations. Sp\u00e9cialiste des questions de migration, elle r\u00e9alise des \u00e9tudes ethnographiques qui documentent l\u2019exp\u00e9rience du d\u00e9placement dans une dimension territoriale. Elle porte un regard f\u00e9ministe d\u00e9cal\u00e9 du discours ambiant qui entretient l\u2019id\u00e9e que les femmes sont s\u00e9dentaires et que seuls les hommes migrent.<\/p>\n\n\n\n<p>Elle d\u00e9veloppe aujourd\u2019hui un \u00ab&nbsp;<em>Guide de voyage pour femmes solitaires<\/em>&nbsp;\u00bb&nbsp;avec Chiara Cremaschi (auteure et r\u00e9alisatrice de films) destin\u00e9 aux femmes voyageant en M\u00e9diterran\u00e9e. Dans cet article, nous nous sommes int\u00e9ress\u00e9s \u00e0 son dernier ouvrage \u00ab&nbsp;<em>Les Damn\u00e9es de la mer, femmes et&nbsp; fronti\u00e8res en M\u00e9diterran\u00e9e<\/em>&nbsp;\u00bb paru en 2020 aux \u00e9ditions La D\u00e9couverte. &nbsp;<br><\/p>\n\n\n\n<figure class=\"wp-block-gallery aligncenter columns-3 is-cropped wp-block-gallery-1 is-layout-flex wp-block-gallery-is-layout-flex\"><ul class=\"blocks-gallery-grid\"><li class=\"blocks-gallery-item\"><figure><img loading=\"lazy\" decoding=\"async\" width=\"838\" height=\"832\" src=\"https:\/\/tatataaaaa.com\/newklima\/wp-content\/uploads\/2021\/08\/Leaticia-Tura.jpg\" alt=\"\" data-id=\"5421\" data-full-url=\"https:\/\/tatataaaaa.com\/newklima\/wp-content\/uploads\/2021\/08\/Leaticia-Tura.jpg\" data-link=\"https:\/\/tatataaaaa.com\/newklima\/?attachment_id=5421\" class=\"wp-image-5421\" srcset=\"https:\/\/tatataaaaa.com\/newklima\/wp-content\/uploads\/2021\/08\/Leaticia-Tura.jpg 838w, https:\/\/tatataaaaa.com\/newklima\/wp-content\/uploads\/2021\/08\/Leaticia-Tura-300x298.jpg 300w, https:\/\/tatataaaaa.com\/newklima\/wp-content\/uploads\/2021\/08\/Leaticia-Tura-768x763.jpg 768w\" sizes=\"auto, (max-width: 838px) 100vw, 838px\" \/><\/figure><\/li><li class=\"blocks-gallery-item\"><figure><img loading=\"lazy\" decoding=\"async\" width=\"699\" height=\"1024\" src=\"https:\/\/tatataaaaa.com\/newklima\/wp-content\/uploads\/2021\/08\/9782348041075-699x1024.jpg\" alt=\"\" data-id=\"5408\" class=\"wp-image-5408\" srcset=\"https:\/\/tatataaaaa.com\/newklima\/wp-content\/uploads\/2021\/08\/9782348041075-699x1024.jpg 699w, https:\/\/tatataaaaa.com\/newklima\/wp-content\/uploads\/2021\/08\/9782348041075-205x300.jpg 205w, https:\/\/tatataaaaa.com\/newklima\/wp-content\/uploads\/2021\/08\/9782348041075-768x1125.jpg 768w, https:\/\/tatataaaaa.com\/newklima\/wp-content\/uploads\/2021\/08\/9782348041075.jpg 800w\" sizes=\"auto, (max-width: 699px) 100vw, 699px\" \/><\/figure><\/li><li class=\"blocks-gallery-item\"><figure><img loading=\"lazy\" decoding=\"async\" width=\"1024\" height=\"576\" src=\"https:\/\/tatataaaaa.com\/newklima\/wp-content\/uploads\/2021\/08\/DWlFVsqW0AE2z7-.jpg-large-1024x576.jpeg\" alt=\"\" data-id=\"5409\" data-link=\"https:\/\/tatataaaaa.com\/newklima\/?attachment_id=5409\" class=\"wp-image-5409\" srcset=\"https:\/\/tatataaaaa.com\/newklima\/wp-content\/uploads\/2021\/08\/DWlFVsqW0AE2z7-.jpg-large-1024x576.jpeg 1024w, https:\/\/tatataaaaa.com\/newklima\/wp-content\/uploads\/2021\/08\/DWlFVsqW0AE2z7-.jpg-large-300x169.jpeg 300w, https:\/\/tatataaaaa.com\/newklima\/wp-content\/uploads\/2021\/08\/DWlFVsqW0AE2z7-.jpg-large-768x432.jpeg 768w, https:\/\/tatataaaaa.com\/newklima\/wp-content\/uploads\/2021\/08\/DWlFVsqW0AE2z7-.jpg-large-1536x864.jpeg 1536w, https:\/\/tatataaaaa.com\/newklima\/wp-content\/uploads\/2021\/08\/DWlFVsqW0AE2z7-.jpg-large.jpeg 1920w\" sizes=\"auto, (max-width: 1024px) 100vw, 1024px\" \/><\/figure><\/li><\/ul><figcaption class=\"blocks-gallery-caption\">\u00a9 Leaticia Tura \/\/ \u00a9 Camille Schmoll \/\/ \u00a9 28 minutes <\/figcaption><\/figure>\n\n\n\n<h4 class=\"wp-block-heading\"><em>Pourquoi ce livre&nbsp;?<\/em><\/h4>\n\n\n\n<p>Si l\u2019on se fie aux chiffres officiels, depuis le 1er janvier 2021, 866 migrants ont perdu la vie en mer M\u00e9diterran\u00e9e en tentant de rejoindre l\u2019Europe. A combien de femmes renvoient ces chiffres&nbsp;? Trop souvent imagin\u00e9es comme s\u00e9dentaires, elles repr\u00e9sentent presque la moiti\u00e9 des demandeurs d\u2019asile eu Europe. <em>Les damn\u00e9es de la mer<\/em> met en avant, sur diff\u00e9rentes temporalit\u00e9s, des femmes ma\u00eetresses de leur parcours qui ont toutes en commun d\u2019avoir travers\u00e9 la M\u00e9diterran\u00e9e. Cet ouvrage est le fruit d\u2019une enqu\u00eate men\u00e9e de 2010 \u00e0 2018 qui documente l\u2019odyss\u00e9e de femmes vivant l\u2019exil lors de leurs parcours migratoires. Par le biais de 800 r\u00e9cits recueillis dans les centres de r\u00e9tention et d\u2019accueil en Italie et \u00e0 Malte, Camille Schmoll tente de comprendre et de traduire la r\u00e9alit\u00e9 de l\u2019immigration irr\u00e9guli\u00e8re de ces femmes arrivant du sud de la M\u00e9diterran\u00e9e et en provenance de diff\u00e9rents pays d\u2019Afrique subsaharienne.<br><\/p>\n\n\n\n<h2 class=\"wp-block-heading\">Les concepts cl\u00e9s<\/h2>\n\n\n\n<p><\/p>\n\n\n\n<h4 class=\"wp-block-heading\"><em>Des causes de d\u00e9part non lin\u00e9aires<\/em><\/h4>\n\n\n\n<p>Selon Camille Schmoll, les causes de la migration sont motiv\u00e9es par des enjeux multiples, genr\u00e9s, familiaux, politiques ou encore \u00e9conomiques. Il n\u2019y a pas un seul profil type de femme migrante comme certains discours m\u00e9diatiques ou politiques peuvent le v\u00e9hiculer, mais des parcours singuliers en fonction de l\u2019histoire personnelle de ces femmes et de leur pays d\u2019origine. Certaines femmes ont une situation professionnelle stable avant de s\u2019exiler. Contrairement aux id\u00e9es re\u00e7ues, ce ne sont pas les femmes les plus d\u00e9munies qui prennent la route pour l\u2019Europe, car il faut un minimum de moyens pour payer les passeurs et faire le trajet. L\u2019auteur cherche \u00e0 d\u00e9construire les clich\u00e9s qui opposent la migration volontaire et la migration forc\u00e9e, celle pr\u00e9vue et celle improvis\u00e9e.<br><\/p>\n\n\n\n<h4 class=\"wp-block-heading\"><em>La place des femmes isol\u00e9es dans les r\u00e9cits migratoires&nbsp;<\/em><\/h4>\n\n\n\n<p>Souvent seules lors des travers\u00e9es, les femmes sont actrices de leur trajectoire. Mais malgr\u00e9 une intention souvent pr\u00e9m\u00e9dit\u00e9 de partir, les parcours sont longs et tr\u00e8s rarement anticip\u00e9s. Le \u00ab&nbsp;projet migratoire&nbsp;\u00bb se construit et se d\u00e9construit en cours de route, le plus souvent impact\u00e9 en fonction des violences subies (physiques, sexuelles, mentales, institutionnelles..). La plupart des femmes ayant travers\u00e9 la mer M\u00e9diterran\u00e9e ont transit\u00e9 par la Libye o\u00f9 elles ont subi des violences sexuelles, et beaucoup repartent enceintes suite a des viols syst\u00e9matiques dans les prisons. Ce qui \u00e0 \u00e9videmment une incidence sur leur vie mais aussi la possibilit\u00e9 de rentrer chez elles un jour (honte, d\u00e9shonneur\u2026).&nbsp;<\/p>\n\n\n\n<p>L\u2019auteure questionne notre repr\u00e9sentation des migrations par des exemples concrets et singuliers qui permettent de mieux imaginer le parcours de femme vivant l\u2019exp\u00e9rience du parcours migratoire. En mettant en lumi\u00e8re des femmes prises entre violence et autonomie, la recherche de Camille Schmoll pousse \u00e0 \u00ab\u00a0f\u00e9miniser le regard\u00a0\u00bb. \u00a0<\/p>\n\n\n\n<figure class=\"wp-block-gallery columns-3 is-cropped wp-block-gallery-2 is-layout-flex wp-block-gallery-is-layout-flex\"><ul class=\"blocks-gallery-grid\"><li class=\"blocks-gallery-item\"><figure><img loading=\"lazy\" decoding=\"async\" width=\"300\" height=\"168\" src=\"https:\/\/tatataaaaa.com\/newklima\/wp-content\/uploads\/2021\/08\/@-Laurin-Schmid.jpeg\" alt=\"\" data-id=\"5401\" data-full-url=\"https:\/\/tatataaaaa.com\/newklima\/wp-content\/uploads\/2021\/08\/@-Laurin-Schmid.jpeg\" data-link=\"https:\/\/tatataaaaa.com\/newklima\/laurin-schmid\/\" class=\"wp-image-5401\"\/><\/figure><\/li><li class=\"blocks-gallery-item\"><figure><img loading=\"lazy\" decoding=\"async\" width=\"1024\" height=\"682\" src=\"https:\/\/tatataaaaa.com\/newklima\/wp-content\/uploads\/2021\/08\/@-John-Wendle.jpg\" alt=\"\" data-id=\"5400\" data-full-url=\"https:\/\/tatataaaaa.com\/newklima\/wp-content\/uploads\/2021\/08\/@-John-Wendle.jpg\" data-link=\"https:\/\/tatataaaaa.com\/newklima\/john-wendle\/\" class=\"wp-image-5400\" srcset=\"https:\/\/tatataaaaa.com\/newklima\/wp-content\/uploads\/2021\/08\/@-John-Wendle.jpg 1024w, https:\/\/tatataaaaa.com\/newklima\/wp-content\/uploads\/2021\/08\/@-John-Wendle-300x200.jpg 300w, https:\/\/tatataaaaa.com\/newklima\/wp-content\/uploads\/2021\/08\/@-John-Wendle-768x512.jpg 768w\" sizes=\"auto, (max-width: 1024px) 100vw, 1024px\" \/><\/figure><\/li><li class=\"blocks-gallery-item\"><figure><img loading=\"lazy\" decoding=\"async\" width=\"838\" height=\"599\" src=\"https:\/\/tatataaaaa.com\/newklima\/wp-content\/uploads\/2021\/08\/@-SOPA-images.jpg\" alt=\"\" data-id=\"5403\" data-full-url=\"https:\/\/tatataaaaa.com\/newklima\/wp-content\/uploads\/2021\/08\/@-SOPA-images.jpg\" data-link=\"https:\/\/tatataaaaa.com\/newklima\/sopa-images\/\" class=\"wp-image-5403\" srcset=\"https:\/\/tatataaaaa.com\/newklima\/wp-content\/uploads\/2021\/08\/@-SOPA-images.jpg 838w, https:\/\/tatataaaaa.com\/newklima\/wp-content\/uploads\/2021\/08\/@-SOPA-images-300x214.jpg 300w, https:\/\/tatataaaaa.com\/newklima\/wp-content\/uploads\/2021\/08\/@-SOPA-images-768x549.jpg 768w\" sizes=\"auto, (max-width: 838px) 100vw, 838px\" \/><\/figure><\/li><\/ul><figcaption class=\"blocks-gallery-caption\">\u00a9 Laurin Schmid \/\/ \u00a9 John Wendle \/\/ \u00a9 SOPA Images<\/figcaption><\/figure>\n\n\n\n<h4 class=\"wp-block-heading\"><em>Les travers\u00e9es terrestres et maritimes&nbsp;<\/em><\/h4>\n\n\n\n<p>La mer M\u00e9diterran\u00e9e est aujourd\u2019hui connue comme une voie p\u00e9rilleuse et pourtant bien des personnes continuent \u00e0 l\u2019emprunter. Cela signifie d\u2019avoir recours \u00e0 des passeurs et de prendre le large sur des embarcations inappropri\u00e9es. La travers\u00e9e de la M\u00e9diterran\u00e9e appara\u00eet comme une \u00e9preuve, une longue fronti\u00e8re, source de drames et en m\u00eame temps d\u2019espoirs.<\/p>\n\n\n\n<figure class=\"wp-block-gallery columns-1 is-cropped wp-block-gallery-3 is-layout-flex wp-block-gallery-is-layout-flex\"><ul class=\"blocks-gallery-grid\"><li class=\"blocks-gallery-item\"><figure><img loading=\"lazy\" decoding=\"async\" width=\"1024\" height=\"682\" src=\"https:\/\/tatataaaaa.com\/newklima\/wp-content\/uploads\/2021\/08\/Massimo-Sestini.jpg\" alt=\"\" data-id=\"5423\" data-full-url=\"https:\/\/tatataaaaa.com\/newklima\/wp-content\/uploads\/2021\/08\/Massimo-Sestini.jpg\" data-link=\"https:\/\/tatataaaaa.com\/newklima\/?attachment_id=5423\" class=\"wp-image-5423\" srcset=\"https:\/\/tatataaaaa.com\/newklima\/wp-content\/uploads\/2021\/08\/Massimo-Sestini.jpg 1024w, https:\/\/tatataaaaa.com\/newklima\/wp-content\/uploads\/2021\/08\/Massimo-Sestini-300x200.jpg 300w, https:\/\/tatataaaaa.com\/newklima\/wp-content\/uploads\/2021\/08\/Massimo-Sestini-768x512.jpg 768w\" sizes=\"auto, (max-width: 1024px) 100vw, 1024px\" \/><\/figure><\/li><\/ul><figcaption class=\"blocks-gallery-caption\">\u00a9 Massimo Sestini<\/figcaption><\/figure>\n\n\n\n<p>Selon les chiffres, les femmes seraient plus nombreuses que les hommes \u00e0 d\u00e9c\u00e9der en cours de route, m\u00eame si beaucoup de naufrages dans cette \u00ab&nbsp;fronti\u00e8re&nbsp;\u00bb qu\u2019est la M\u00e9diterran\u00e9e ne laissent pas de noms, pas de trace.<\/p>\n\n\n\n<blockquote class=\"wp-block-quote is-layout-flow wp-block-quote-is-layout-flow\"><p>\u00ab&nbsp;<em>Depuis 2017-2018, le taux de mortalit\u00e9 augmente lors des travers\u00e9es&nbsp;: de 2% \u00e0 8% en 2020. La crise humanitaire en M\u00e9diterran\u00e9e prend ses racines sur la politique de coop\u00e9ration des pays europ\u00e9ens avec les pays tiers, en particulier la Libye.&nbsp;\u00bb&nbsp; Camille Schmoll<\/em><\/p><\/blockquote>\n\n\n\n<p>En plus du risque de noyade en mer, les migrants sont confront\u00e9s \u00e0 des violences institutionnelles et se voient refuser l\u2019acc\u00e8s au territoire europ\u00e9en&nbsp;: des moyens logistiques et financiers \u00e9normes sont en effet mobilis\u00e9s pour bloquer les fronti\u00e8res europ\u00e9ennes aux migrants, au lieu d\u2019agir sur les causes des migrations et sur l\u2019accueil des exil\u00e9s dans l\u2019Union Europ\u00e9enne. On observe aujourd\u2019hui des durcissements r\u00e9pressifs appliqu\u00e9s aux fronti\u00e8res et en mer. C\u2019est l\u2019agence de l&rsquo;Union europ\u00e9enne, plus commun\u00e9ment appel\u00e9e Frontex, qui est charg\u00e9e du contr\u00f4le et de la gestion des fronti\u00e8res ext\u00e9rieures de l&rsquo;espace Schengen. Frontex surveille les routes migratoires et bloque les bateaux avant qu\u2019ils n\u2019arrivent sur le territoire europ\u00e9en pour renvoyer ensuite les migrants en Libye. Cela donne une id\u00e9e des cons\u00e9quences de l\u2019absence de v\u00e9ritable politique migratoire en Union Europ\u00e9enne.&nbsp;<\/p>\n\n\n\n<p>Et m\u00eame lorsque les bateaux arrivent en Gr\u00e8ce, \u00e0 Malte ou en Italie (souvent aid\u00e9s par des ONG comme SOS M\u00e9diterran\u00e9e avec le bateau Ocean Viking), les exil\u00e9s continuent de faire face \u00e0 des violences et \u00e0 \u00eatre maintenus en marge de la soci\u00e9t\u00e9.<\/p>\n\n\n\n<figure class=\"wp-block-gallery aligncenter columns-3 is-cropped wp-block-gallery-4 is-layout-flex wp-block-gallery-is-layout-flex\"><ul class=\"blocks-gallery-grid\"><li class=\"blocks-gallery-item\"><figure><img loading=\"lazy\" decoding=\"async\" width=\"770\" height=\"511\" src=\"https:\/\/tatataaaaa.com\/newklima\/wp-content\/uploads\/2021\/08\/@-TV5-monde.jpg\" alt=\"\" data-id=\"5404\" data-full-url=\"https:\/\/tatataaaaa.com\/newklima\/wp-content\/uploads\/2021\/08\/@-TV5-monde.jpg\" data-link=\"https:\/\/tatataaaaa.com\/newklima\/tv5-monde\/\" class=\"wp-image-5404\" srcset=\"https:\/\/tatataaaaa.com\/newklima\/wp-content\/uploads\/2021\/08\/@-TV5-monde.jpg 770w, https:\/\/tatataaaaa.com\/newklima\/wp-content\/uploads\/2021\/08\/@-TV5-monde-300x199.jpg 300w, https:\/\/tatataaaaa.com\/newklima\/wp-content\/uploads\/2021\/08\/@-TV5-monde-768x510.jpg 768w\" sizes=\"auto, (max-width: 770px) 100vw, 770px\" \/><\/figure><\/li><li class=\"blocks-gallery-item\"><figure><img loading=\"lazy\" decoding=\"async\" width=\"1024\" height=\"681\" src=\"https:\/\/tatataaaaa.com\/newklima\/wp-content\/uploads\/2021\/08\/@-flavio-gasperini-1024x681.jpeg\" alt=\"\" data-id=\"5399\" data-full-url=\"https:\/\/tatataaaaa.com\/newklima\/wp-content\/uploads\/2021\/08\/@-flavio-gasperini.jpeg\" data-link=\"https:\/\/tatataaaaa.com\/newklima\/flavio-gasperini\/\" class=\"wp-image-5399\" srcset=\"https:\/\/tatataaaaa.com\/newklima\/wp-content\/uploads\/2021\/08\/@-flavio-gasperini-1024x681.jpeg 1024w, https:\/\/tatataaaaa.com\/newklima\/wp-content\/uploads\/2021\/08\/@-flavio-gasperini-300x200.jpeg 300w, https:\/\/tatataaaaa.com\/newklima\/wp-content\/uploads\/2021\/08\/@-flavio-gasperini-768x511.jpeg 768w, https:\/\/tatataaaaa.com\/newklima\/wp-content\/uploads\/2021\/08\/@-flavio-gasperini-1536x1021.jpeg 1536w, https:\/\/tatataaaaa.com\/newklima\/wp-content\/uploads\/2021\/08\/@-flavio-gasperini.jpeg 1600w\" sizes=\"auto, (max-width: 1024px) 100vw, 1024px\" \/><\/figure><\/li><li class=\"blocks-gallery-item\"><figure><img loading=\"lazy\" decoding=\"async\" width=\"566\" height=\"318\" src=\"https:\/\/tatataaaaa.com\/newklima\/wp-content\/uploads\/2021\/08\/\u00a9Nicolas-Economou.jpg\" alt=\"\" data-id=\"5405\" data-full-url=\"https:\/\/tatataaaaa.com\/newklima\/wp-content\/uploads\/2021\/08\/\u00a9Nicolas-Economou.jpg\" data-link=\"https:\/\/tatataaaaa.com\/newklima\/nicolas-economou\/\" class=\"wp-image-5405\" srcset=\"https:\/\/tatataaaaa.com\/newklima\/wp-content\/uploads\/2021\/08\/\u00a9Nicolas-Economou.jpg 566w, https:\/\/tatataaaaa.com\/newklima\/wp-content\/uploads\/2021\/08\/\u00a9Nicolas-Economou-300x169.jpg 300w\" sizes=\"auto, (max-width: 566px) 100vw, 566px\" \/><\/figure><\/li><\/ul><figcaption class=\"blocks-gallery-caption\">\u00a9 TV5 Monde \/\/ \u00a9 Flavio Gasperini \/\/ \u00a9Nicolas Economou<\/figcaption><\/figure>\n\n\n\n<blockquote class=\"wp-block-quote is-layout-flow wp-block-quote-is-layout-flow\"><p>\u00ab&nbsp;<em>Les conventions de l\u2019ONU sur le droit de la mer \u00e9tablissent que chaque navire (marchand, p\u00eache, militaire, plaisance) doit participer aux obligations de sauvetage et \u00e0 la sauvegarde de la vie humaine en mer. Dans la mer territoriale des \u00c9tats c\u00f4tiers, on rentre dans le droit de l\u2019immigration et le droit d\u2019asile. Il faudrait coordonner le droit de la mer et le droit de la \u00ab&nbsp;terre&nbsp;\u00bb.&nbsp;\u00bb&nbsp;Patrick Chaumette (professeur \u00e9m\u00e9rite sur le droit social maritime \u00e0 l\u2019Universit\u00e9 de Nantes)<\/em><\/p><\/blockquote>\n\n\n\n<h4 class=\"wp-block-heading\"><em>L\u2019arriv\u00e9e en Europe et les centres \u00ab\u00a0d\u2019accueil\u00a0\u00bb<\/em><\/h4>\n\n\n\n<p>La plupart des femmes migrantes n\u2019estiment pas \u00eatre arriv\u00e9es en Europe lorsqu\u2019elle se retrouvent dans les centres d\u2019accueil, lieux transitoires o\u00f9 elles restent parfois des ann\u00e9es. Elles sont encore \u00e0 la fronti\u00e8re. Une fronti\u00e8re mobile et bien plus \u00e9paisse qu\u2019un trait sur une carte. En effet, ce que le gouvernement grec appelle des \u00ab&nbsp;maisons&nbsp;\u00bb de transition sont en fait majoritairement des prisons dissimul\u00e9es, bien loin de la vision id\u00e9alis\u00e9e de l\u2019Europe. Camille Schmoll montre la r\u00e9alit\u00e9 de l\u2019enfermement dans ces \u00ab&nbsp;lieux fronti\u00e8re&nbsp;\u00bb, comme les centres d\u2019accueil familiaux et pour femmes isol\u00e9es de Hal Far et de Balzan \u00e0 Malte, le CARA (Centres d\u2019accueil pour demandeurs et demandeuses d\u2019asile) de Castelnovo di Porto en Italie ou encore le centre de r\u00e9tention pour femmes de Ponte Galeria. &nbsp;<\/p>\n\n\n\n<p>Dans ces centres, malgr\u00e9 les restrictions impos\u00e9es (limitation dans leurs mobilit\u00e9s, couvre feu, heures de repas fixes..) les femmes tentent d\u2019habiter l\u2019espace en s\u2019appropriant des lieux physiques comme un bout de mur, une chaise mais aussi des espaces d\u00e9mat\u00e9rialis\u00e9s comme une page internet, un compte Instagram etc.. Internet devient une ressource fondamentale pour donner des nouvelles, rester en lien avec une autre r\u00e9alit\u00e9. Les espaces num\u00e9riques se transforment en lieux d\u2019expression pendant l\u2019attente.<\/p>\n\n\n\n<figure class=\"wp-block-gallery aligncenter columns-2 is-cropped wp-block-gallery-5 is-layout-flex wp-block-gallery-is-layout-flex\"><ul class=\"blocks-gallery-grid\"><li class=\"blocks-gallery-item\"><figure><img loading=\"lazy\" decoding=\"async\" width=\"624\" height=\"351\" src=\"https:\/\/tatataaaaa.com\/newklima\/wp-content\/uploads\/2021\/08\/Darrin-Zammit-Lupi.jpeg\" alt=\"\" data-id=\"5417\" data-full-url=\"https:\/\/tatataaaaa.com\/newklima\/wp-content\/uploads\/2021\/08\/Darrin-Zammit-Lupi.jpeg\" data-link=\"https:\/\/tatataaaaa.com\/newklima\/?attachment_id=5417\" class=\"wp-image-5417\" srcset=\"https:\/\/tatataaaaa.com\/newklima\/wp-content\/uploads\/2021\/08\/Darrin-Zammit-Lupi.jpeg 624w, https:\/\/tatataaaaa.com\/newklima\/wp-content\/uploads\/2021\/08\/Darrin-Zammit-Lupi-300x169.jpeg 300w\" sizes=\"auto, (max-width: 624px) 100vw, 624px\" \/><\/figure><\/li><li class=\"blocks-gallery-item\"><figure><img loading=\"lazy\" decoding=\"async\" width=\"1024\" height=\"683\" src=\"https:\/\/tatataaaaa.com\/newklima\/wp-content\/uploads\/2021\/08\/\u00a9-Myriam-Thyes-1024x683.jpg\" alt=\"\" data-id=\"5418\" data-full-url=\"https:\/\/tatataaaaa.com\/newklima\/wp-content\/uploads\/2021\/08\/\u00a9-Myriam-Thyes-scaled.jpg\" data-link=\"https:\/\/tatataaaaa.com\/newklima\/?attachment_id=5418\" class=\"wp-image-5418\" srcset=\"https:\/\/tatataaaaa.com\/newklima\/wp-content\/uploads\/2021\/08\/\u00a9-Myriam-Thyes-1024x683.jpg 1024w, https:\/\/tatataaaaa.com\/newklima\/wp-content\/uploads\/2021\/08\/\u00a9-Myriam-Thyes-300x200.jpg 300w, https:\/\/tatataaaaa.com\/newklima\/wp-content\/uploads\/2021\/08\/\u00a9-Myriam-Thyes-768x512.jpg 768w, https:\/\/tatataaaaa.com\/newklima\/wp-content\/uploads\/2021\/08\/\u00a9-Myriam-Thyes-1536x1024.jpg 1536w, https:\/\/tatataaaaa.com\/newklima\/wp-content\/uploads\/2021\/08\/\u00a9-Myriam-Thyes-2048x1365.jpg 2048w\" sizes=\"auto, (max-width: 1024px) 100vw, 1024px\" \/><\/figure><\/li><\/ul><figcaption class=\"blocks-gallery-caption\">\u00a9 Darrin Zammit Lupi \/\/ \u00a9 Myriam Thyes<\/figcaption><\/figure>\n\n\n\n<p>Et si seulement ces camps n\u2019\u00e9taient qu\u2019une \u00e9tape \u00e0 franchir avant l\u2019eldorado de la libert\u00e9 et de la s\u00e9curit\u00e9&nbsp;? Malheureusement apr\u00e8s de longs mois d\u2019attente, beaucoup de femmes sont renvoy\u00e9es vers leurs pays d\u2019origine o\u00f9 les droits de l\u2019Homme ne sont pas toujours respect\u00e9s. Celles qui arrivent \u00e0 rester en Europe et qui sont en attente d\u2019une demande d\u2019asile se heurtent \u00e0 une rigidit\u00e9 administrative souvent tr\u00e8s dure \u00e0 vivre. Par exemple, le R\u00e8glement de Dublin III d\u00e9signe comme pays d\u2019accueil le premier pays o\u00f9 les empreintes digitales ont \u00e9t\u00e9 prises, m\u00eame si l\u2019intention premi\u00e8re des migrants \u00e9tait d\u2019aller ailleurs. Les empreintes font du corps un obstacle \u00e0 une potentielle insertion dans le pays souhait\u00e9.<\/p>\n\n\n\n<h2 class=\"wp-block-heading\">Pourquoi on en parle&nbsp;? <\/h2>\n\n\n\n<p><\/p>\n\n\n\n<h4 class=\"wp-block-heading\"><em>Damn\u00e9s de la mer puis de la terre\u00a0<\/em><\/h4>\n\n\n\n<p>Comme dit pr\u00e9c\u00e9demment, apr\u00e8s des mois ou m\u00eame des ann\u00e9es de parcours, l\u2019arriv\u00e9e dans le pays souhait\u00e9 est rarement \u00e0 la hauteur de ce qui \u00e9tait imagin\u00e9. En France particuli\u00e8rement, la prise en charge des arrivants est minime et tr\u00e8s peu de solutions d\u2019h\u00e9bergements p\u00e9rennes sont propos\u00e9es. Si l\u2019on ajoute \u00e0 cela l\u2019interdiction de travailler qui s\u2019impose aux demandeurs d\u2019asile sur le territoire fran\u00e7ais, la plupart des migrants se retrouvent sans ressource et contraints \u00e0 dormir dehors. Ainsi, apr\u00e8s les campements mis en place aux fronti\u00e8res, des campements informels se cr\u00e9ent dans les interstices des villes.\u00a0<\/p>\n\n\n\n<h4 class=\"wp-block-heading\"><em>Les campements, marqueurs d\u2019une absence de volont\u00e9 d\u2019accueil\u00a0<\/em><\/h4>\n\n\n\n<p>A la fois cach\u00e9s et m\u00e9diatis\u00e9s, les campements sont un \u00e9l\u00e9ment central de l\u2019imaginaire construit autour de la migration. La m\u00e9diatisation des campements vise \u00e0 dissuader les migrants de venir en France, \u00e0 montrer qu\u2019il n\u2019y a pas de capacit\u00e9 d\u2019accueil et que les conditions de vie ne sont pas celles r\u00eav\u00e9es. Pourtant, en 2015, la France n\u2019a accueilli que 79000 demandeurs d\u2019asile, soit bien moins qu\u2019en Allemagne qui en a accueilli plus de 1 million, sans avoir connu de situations de campement aussi controvers\u00e9es qu\u2019en France. Cela constitue une des insuffisances majeures des politiques migratoires Fran\u00e7aise&nbsp;: les demandeurs d\u2019asiles sont enferm\u00e9s dans des camps qui les contiennent physiquement, sans que ne leur soient propos\u00e9es des solutions concr\u00e8tes leur permettant d\u2019acc\u00e9der \u00e0 une r\u00e9elle int\u00e9gration sociale et \u00e9conomique.&nbsp;<\/p>\n\n\n\n<p>Plusieurs situations concr\u00e8tes illustrent le manque d\u2019humanisme Fran\u00e7ais face \u00e0 la situation des demandeurs d\u2019asiles; par exemple le camps de Calais puis son d\u00e9mant\u00e8lement ou encore la violence de l\u2019\u00e9vacuation de la place de la R\u00e9publique le lundi 23 novembre (tentes d\u00e9chir\u00e9es, soulev\u00e9es alors qu\u2019il\u00a0 avait encore des gens dedans, grenade et tires lacrymog\u00e8nes..).\u00a0<\/p>\n\n\n\n<figure class=\"wp-block-gallery aligncenter columns-3 is-cropped wp-block-gallery-6 is-layout-flex wp-block-gallery-is-layout-flex\"><ul class=\"blocks-gallery-grid\"><li class=\"blocks-gallery-item\"><figure><img loading=\"lazy\" decoding=\"async\" width=\"1024\" height=\"652\" src=\"https:\/\/tatataaaaa.com\/newklima\/wp-content\/uploads\/2021\/08\/@-martin-bureau-1024x652.jpg\" alt=\"\" data-id=\"5402\" class=\"wp-image-5402\" srcset=\"https:\/\/tatataaaaa.com\/newklima\/wp-content\/uploads\/2021\/08\/@-martin-bureau-1024x652.jpg 1024w, https:\/\/tatataaaaa.com\/newklima\/wp-content\/uploads\/2021\/08\/@-martin-bureau-300x191.jpg 300w, https:\/\/tatataaaaa.com\/newklima\/wp-content\/uploads\/2021\/08\/@-martin-bureau-768x489.jpg 768w, https:\/\/tatataaaaa.com\/newklima\/wp-content\/uploads\/2021\/08\/@-martin-bureau.jpg 1328w\" sizes=\"auto, (max-width: 1024px) 100vw, 1024px\" \/><\/figure><\/li><li class=\"blocks-gallery-item\"><figure><img loading=\"lazy\" decoding=\"async\" width=\"1024\" height=\"576\" src=\"https:\/\/tatataaaaa.com\/newklima\/wp-content\/uploads\/2021\/08\/PHILIPPE-HUGUEN-1024x576.jpg\" alt=\"\" data-id=\"5414\" data-full-url=\"https:\/\/tatataaaaa.com\/newklima\/wp-content\/uploads\/2021\/08\/PHILIPPE-HUGUEN.jpg\" data-link=\"https:\/\/tatataaaaa.com\/newklima\/?attachment_id=5414\" class=\"wp-image-5414\" srcset=\"https:\/\/tatataaaaa.com\/newklima\/wp-content\/uploads\/2021\/08\/PHILIPPE-HUGUEN-1024x576.jpg 1024w, https:\/\/tatataaaaa.com\/newklima\/wp-content\/uploads\/2021\/08\/PHILIPPE-HUGUEN-300x169.jpg 300w, https:\/\/tatataaaaa.com\/newklima\/wp-content\/uploads\/2021\/08\/PHILIPPE-HUGUEN-768x432.jpg 768w, https:\/\/tatataaaaa.com\/newklima\/wp-content\/uploads\/2021\/08\/PHILIPPE-HUGUEN.jpg 1250w\" sizes=\"auto, (max-width: 1024px) 100vw, 1024px\" \/><\/figure><\/li><li class=\"blocks-gallery-item\"><figure><img loading=\"lazy\" decoding=\"async\" width=\"1024\" height=\"577\" src=\"https:\/\/tatataaaaa.com\/newklima\/wp-content\/uploads\/2021\/08\/PHILIPPE-HUGUEN--1024x577.jpg\" alt=\"\" data-id=\"5415\" data-full-url=\"https:\/\/tatataaaaa.com\/newklima\/wp-content\/uploads\/2021\/08\/PHILIPPE-HUGUEN-.jpg\" data-link=\"https:\/\/tatataaaaa.com\/newklima\/?attachment_id=5415\" class=\"wp-image-5415\" srcset=\"https:\/\/tatataaaaa.com\/newklima\/wp-content\/uploads\/2021\/08\/PHILIPPE-HUGUEN--1024x577.jpg 1024w, https:\/\/tatataaaaa.com\/newklima\/wp-content\/uploads\/2021\/08\/PHILIPPE-HUGUEN--300x169.jpg 300w, https:\/\/tatataaaaa.com\/newklima\/wp-content\/uploads\/2021\/08\/PHILIPPE-HUGUEN--768x432.jpg 768w, https:\/\/tatataaaaa.com\/newklima\/wp-content\/uploads\/2021\/08\/PHILIPPE-HUGUEN--1536x865.jpg 1536w, https:\/\/tatataaaaa.com\/newklima\/wp-content\/uploads\/2021\/08\/PHILIPPE-HUGUEN-.jpg 1936w\" sizes=\"auto, (max-width: 1024px) 100vw, 1024px\" \/><\/figure><\/li><\/ul><figcaption class=\"blocks-gallery-caption\">\u00a9 Martin Bureau \/\/ \u00a9 Philippe Huguen \/\/ \u00a9 Philippe Huguen <\/figcaption><\/figure>\n\n\n\n<p><em>\u00ab\u00a0Les campements sont le r\u00e9sultat de politiques publiques qui ont pr\u00e9caris\u00e9 les demandeurs d\u2019asile au lieu de les laisser doucement s\u2019int\u00e9grer au tissu \u00e9conomique et social de notre pays.\u00a0\u00bb\u00a0\u00a0Karen Akoka et Aub\u00e9pine Dahan pour AOC<\/em><\/p>\n\n\n\n<h2 class=\"wp-block-heading\">Mise en perspective<\/h2>\n\n\n\n<h4 class=\"wp-block-heading\"><em>Les camps, syst\u00e8me d\u00e9shumanisant de gestion de la catastrophe<\/em><\/h4>\n\n\n\n<p>C\u2019est toujours cette solution du camp qui est mise en place ou tol\u00e9r\u00e9e par les autorit\u00e9s, apr\u00e8s une catastrophe, ou pour contenir des migrations massives, ou pour contenir des populations non d\u00e9sir\u00e9es (Roms, pauvres, etc.). Mais cette \u00ab&nbsp;solution&nbsp;\u00bb enferme, infantilise et d\u00e9shumanise en brouillant toute connaissance et perception de l\u2019ext\u00e9rieur. Les campements sont aussi tr\u00e8s souvent mis en place apr\u00e8s une catastrophe naturelle ou en marge d\u2019une guerre.&nbsp;<\/p>\n\n\n\n<p>\u00c0 Haiti par exemple, l\u2019impact du s\u00e9isme de 2010 qui a fait 300 000 morts et priv\u00e9 1,5\u00a0million priv\u00e9es de logement est encore omnipr\u00e9sent. Une partie des camps cens\u00e9s \u00eatre temporaires construits suite \u00e0 la catastrophe sont toujours en place et font aujourd\u2019hui partie int\u00e9grante de Port au Prince.\u00a0<br><\/p>\n\n\n\n<p>Les camps mat\u00e9rialisent toute l\u2019hostilit\u00e9 qui existe \u00e0 l\u2019\u00e9gard de personnes d\u00e9plac\u00e9es, quelle que soit la raison du d\u00e9placement. Comme vu plus haut avec le cas d\u2019Haiti, la plupart de ces lieux pens\u00e9s pour \u00eatre temporaires deviennent souvent des h\u00e9bergements sur le long terme car aucune alternative n\u2019est propos\u00e9e. \u00c0 l\u2019heure o\u00f9 d\u2019ici quelques ann\u00e9es, 70% de la population mondiale vivra en ville il est important d\u2019inventer des alternatives qui permettront une plus grande \u00e9galit\u00e9 dans les formes urbaines.<br><\/p>\n\n\n\n<div style=\"height:51px\" aria-hidden=\"true\" class=\"wp-block-spacer\"><\/div>\n\n\n\n<hr class=\"wp-block-separator is-style-wide\"\/>\n\n\n\n<div style=\"height:23px\" aria-hidden=\"true\" class=\"wp-block-spacer\"><\/div>\n\n\n\n<h2 class=\"wp-block-heading\">Pour en savoir plus<\/h2>\n\n\n\n<ul class=\"wp-block-list\"><li><a href=\"https:\/\/www.youtube.com\/watch?v=Dbh7ECVlq40\">Ici la vid\u00e9o d\u2019une table ronde organis\u00e9e par la Bpi <\/a>(Biblioth\u00e8que Publique d\u2019Information) entre Camille Schmoll et Olivia Elkaim ( auteure du livre \u00ab\u00a0Le tailleur de Relizane\u00a0\u00bb) sur la question de l\u2019odyss\u00e9es des femmes en M\u00e9diterran\u00e9e\u00a0<\/li><li><a href=\"https:\/\/aoc.media\/analyse\/2021\/07\/26\/de-lusage-des-campements-dans-les-politiques-migratoires-2\/\">Un article de Karen Akoka et Aub\u00e9pine Dahan pour AOC \u00ab\u00a0l\u2019usage des campements\u00a0dans les politiques migratoires\u00a0\u00bb<\/a><\/li><li><a href=\"https:\/\/www.franceculture.fr\/emissions\/la-suite-dans-les-idees\/la-suite-dans-les-idees-emission-du-samedi-05-decembre-2020\">Une \u00e9mission sur France Culture  \u00ab\u00a0M\u00e9diterran\u00e9e noire&nbsp;: des femmes dans la mer fronti\u00e8re\u00a0\u00bb<\/a> faisant dialoguer le travail  de Laetitia Tura documentariste et photographe avec celui de Camille Schmoll<\/li><li><a href=\"https:\/\/www.youtube.com\/watch?v=v8GkZBF5uwU\">Une vid\u00e9o de l&rsquo;architecte Cyrille Hanappe<\/a> pr\u00e9sentant son travail sur \u00ab\u00a0La ville accueillante\u00a0\u00bb <\/li><\/ul>\n","protected":false},"excerpt":{"rendered":"<p>Le contexte Contexte climatique et g\u00e9opolitique\u00a0: vers une augmentation des migrations \u00a0 Le 23 juin 2021 les experts du climat de l\u2019ONU ont d\u00e9voil\u00e9 un nouveau projet de rapport montrant que les impacts du d\u00e9r\u00e8glement climatique vont s\u2019acc\u00e9l\u00e9rer et que des changements irr\u00e9versibles sont \u00e0 pr\u00e9voir au-del\u00e0 du seuil de r\u00e9chauffement moyen de la plan\u00e8te [&hellip;]<\/p>\n","protected":false},"author":36,"featured_media":5423,"comment_status":"closed","ping_status":"closed","sticky":false,"template":"","format":"standard","meta":{"footnotes":""},"categories":[1],"tags":[],"class_list":["post-5394","post","type-post","status-publish","format-standard","has-post-thumbnail","hentry","category-articles"],"yoast_head":"<!-- This site is optimized with the Yoast SEO plugin v24.2 - https:\/\/yoast.com\/wordpress\/plugins\/seo\/ -->\n<title>Les damn\u00e9es de la mer, femmes et fronti\u00e8res en M\u00e9diterran\u00e9e<\/title>\n<meta name=\"robots\" content=\"index, follow, max-snippet:-1, max-image-preview:large, max-video-preview:-1\" \/>\n<link rel=\"canonical\" href=\"https:\/\/tatataaaaa.com\/newklima\/les-damnees-de-la-mer-femmes-et-frontieres-en-mediterranee\/\" \/>\n<meta property=\"og:locale\" content=\"fr_FR\" \/>\n<meta property=\"og:type\" content=\"article\" \/>\n<meta property=\"og:title\" content=\"Les damn\u00e9es de la mer, femmes et fronti\u00e8res en M\u00e9diterran\u00e9e\" \/>\n<meta property=\"og:description\" content=\"Le contexte Contexte climatique et g\u00e9opolitique\u00a0: vers une augmentation des migrations \u00a0 Le 23 juin 2021 les experts du climat de l\u2019ONU ont d\u00e9voil\u00e9 un nouveau projet de rapport montrant que les impacts du d\u00e9r\u00e8glement climatique vont s\u2019acc\u00e9l\u00e9rer et que des changements irr\u00e9versibles sont \u00e0 pr\u00e9voir au-del\u00e0 du seuil de r\u00e9chauffement moyen de la plan\u00e8te [&hellip;]\" \/>\n<meta property=\"og:url\" content=\"https:\/\/tatataaaaa.com\/newklima\/les-damnees-de-la-mer-femmes-et-frontieres-en-mediterranee\/\" \/>\n<meta property=\"og:site_name\" content=\"Atelier Klima\" \/>\n<meta property=\"article:published_time\" content=\"2021-08-07T14:01:39+00:00\" \/>\n<meta property=\"article:modified_time\" content=\"2023-03-15T10:52:20+00:00\" \/>\n<meta property=\"og:image\" content=\"https:\/\/tatataaaaa.com\/newklima\/wp-content\/uploads\/2021\/08\/Massimo-Sestini.jpg\" \/>\n\t<meta property=\"og:image:width\" content=\"1024\" \/>\n\t<meta property=\"og:image:height\" content=\"682\" \/>\n\t<meta property=\"og:image:type\" content=\"image\/jpeg\" \/>\n<meta name=\"author\" content=\"Louise Febrinon\" \/>\n<meta name=\"twitter:card\" content=\"summary_large_image\" \/>\n<meta name=\"twitter:creator\" content=\"@Klima_ONG\" \/>\n<meta name=\"twitter:site\" content=\"@Klima_ONG\" \/>\n<meta name=\"twitter:label1\" content=\"\u00c9crit par\" \/>\n\t<meta name=\"twitter:data1\" content=\"Louise Febrinon\" \/>\n\t<meta name=\"twitter:label2\" content=\"Dur\u00e9e de lecture estim\u00e9e\" \/>\n\t<meta name=\"twitter:data2\" content=\"13 minutes\" \/>\n<script type=\"application\/ld+json\" class=\"yoast-schema-graph\">{\"@context\":\"https:\/\/schema.org\",\"@graph\":[{\"@type\":\"Article\",\"@id\":\"https:\/\/tatataaaaa.com\/newklima\/les-damnees-de-la-mer-femmes-et-frontieres-en-mediterranee\/#article\",\"isPartOf\":{\"@id\":\"https:\/\/tatataaaaa.com\/newklima\/les-damnees-de-la-mer-femmes-et-frontieres-en-mediterranee\/\"},\"author\":{\"name\":\"Louise Febrinon\",\"@id\":\"https:\/\/tatataaaaa.com\/newklima\/#\/schema\/person\/e621d521dc65e98bb81183fb15ff0aa1\"},\"headline\":\"Les damn\u00e9es de la mer, femmes et fronti\u00e8res en M\u00e9diterran\u00e9e\",\"datePublished\":\"2021-08-07T14:01:39+00:00\",\"dateModified\":\"2023-03-15T10:52:20+00:00\",\"mainEntityOfPage\":{\"@id\":\"https:\/\/tatataaaaa.com\/newklima\/les-damnees-de-la-mer-femmes-et-frontieres-en-mediterranee\/\"},\"wordCount\":2544,\"publisher\":{\"@id\":\"https:\/\/tatataaaaa.com\/newklima\/#organization\"},\"image\":{\"@id\":\"https:\/\/tatataaaaa.com\/newklima\/les-damnees-de-la-mer-femmes-et-frontieres-en-mediterranee\/#primaryimage\"},\"thumbnailUrl\":\"https:\/\/tatataaaaa.com\/newklima\/wp-content\/uploads\/2021\/08\/Massimo-Sestini.jpg\",\"articleSection\":[\"Articles\"],\"inLanguage\":\"fr-FR\"},{\"@type\":\"WebPage\",\"@id\":\"https:\/\/tatataaaaa.com\/newklima\/les-damnees-de-la-mer-femmes-et-frontieres-en-mediterranee\/\",\"url\":\"https:\/\/tatataaaaa.com\/newklima\/les-damnees-de-la-mer-femmes-et-frontieres-en-mediterranee\/\",\"name\":\"Les damn\u00e9es de la mer, femmes et fronti\u00e8res en M\u00e9diterran\u00e9e\",\"isPartOf\":{\"@id\":\"https:\/\/tatataaaaa.com\/newklima\/#website\"},\"primaryImageOfPage\":{\"@id\":\"https:\/\/tatataaaaa.com\/newklima\/les-damnees-de-la-mer-femmes-et-frontieres-en-mediterranee\/#primaryimage\"},\"image\":{\"@id\":\"https:\/\/tatataaaaa.com\/newklima\/les-damnees-de-la-mer-femmes-et-frontieres-en-mediterranee\/#primaryimage\"},\"thumbnailUrl\":\"https:\/\/tatataaaaa.com\/newklima\/wp-content\/uploads\/2021\/08\/Massimo-Sestini.jpg\",\"datePublished\":\"2021-08-07T14:01:39+00:00\",\"dateModified\":\"2023-03-15T10:52:20+00:00\",\"breadcrumb\":{\"@id\":\"https:\/\/tatataaaaa.com\/newklima\/les-damnees-de-la-mer-femmes-et-frontieres-en-mediterranee\/#breadcrumb\"},\"inLanguage\":\"fr-FR\",\"potentialAction\":[{\"@type\":\"ReadAction\",\"target\":[\"https:\/\/tatataaaaa.com\/newklima\/les-damnees-de-la-mer-femmes-et-frontieres-en-mediterranee\/\"]}]},{\"@type\":\"ImageObject\",\"inLanguage\":\"fr-FR\",\"@id\":\"https:\/\/tatataaaaa.com\/newklima\/les-damnees-de-la-mer-femmes-et-frontieres-en-mediterranee\/#primaryimage\",\"url\":\"https:\/\/tatataaaaa.com\/newklima\/wp-content\/uploads\/2021\/08\/Massimo-Sestini.jpg\",\"contentUrl\":\"https:\/\/tatataaaaa.com\/newklima\/wp-content\/uploads\/2021\/08\/Massimo-Sestini.jpg\",\"width\":1024,\"height\":682,\"caption\":\"\u00a9 Massimo Sestini\"},{\"@type\":\"BreadcrumbList\",\"@id\":\"https:\/\/tatataaaaa.com\/newklima\/les-damnees-de-la-mer-femmes-et-frontieres-en-mediterranee\/#breadcrumb\",\"itemListElement\":[{\"@type\":\"ListItem\",\"position\":1,\"name\":\"Home\",\"item\":\"https:\/\/tatataaaaa.com\/newklima\/\"},{\"@type\":\"ListItem\",\"position\":2,\"name\":\"Les damn\u00e9es de la mer, femmes et fronti\u00e8res en M\u00e9diterran\u00e9e\"}]},{\"@type\":\"WebSite\",\"@id\":\"https:\/\/tatataaaaa.com\/newklima\/#website\",\"url\":\"https:\/\/tatataaaaa.com\/newklima\/\",\"name\":\"Atelier Klima\",\"description\":\"Adaptation littorale au changement climatique\",\"publisher\":{\"@id\":\"https:\/\/tatataaaaa.com\/newklima\/#organization\"},\"potentialAction\":[{\"@type\":\"SearchAction\",\"target\":{\"@type\":\"EntryPoint\",\"urlTemplate\":\"https:\/\/tatataaaaa.com\/newklima\/?s={search_term_string}\"},\"query-input\":{\"@type\":\"PropertyValueSpecification\",\"valueRequired\":true,\"valueName\":\"search_term_string\"}}],\"inLanguage\":\"fr-FR\"},{\"@type\":\"Organization\",\"@id\":\"https:\/\/tatataaaaa.com\/newklima\/#organization\",\"name\":\"Atelier Klima\",\"url\":\"https:\/\/tatataaaaa.com\/newklima\/\",\"logo\":{\"@type\":\"ImageObject\",\"inLanguage\":\"fr-FR\",\"@id\":\"https:\/\/tatataaaaa.com\/newklima\/#\/schema\/logo\/image\/\",\"url\":\"https:\/\/tatataaaaa.com\/newklima\/wp-content\/uploads\/2019\/03\/klima-ong-favicon.gif\",\"contentUrl\":\"https:\/\/tatataaaaa.com\/newklima\/wp-content\/uploads\/2019\/03\/klima-ong-favicon.gif\",\"width\":512,\"height\":512,\"caption\":\"Atelier Klima\"},\"image\":{\"@id\":\"https:\/\/tatataaaaa.com\/newklima\/#\/schema\/logo\/image\/\"},\"sameAs\":[\"https:\/\/x.com\/Klima_ONG\",\"https:\/\/www.instagram.com\/sophiedulau\/\"]},{\"@type\":\"Person\",\"@id\":\"https:\/\/tatataaaaa.com\/newklima\/#\/schema\/person\/e621d521dc65e98bb81183fb15ff0aa1\",\"name\":\"Louise Febrinon\",\"image\":{\"@type\":\"ImageObject\",\"inLanguage\":\"fr-FR\",\"@id\":\"https:\/\/tatataaaaa.com\/newklima\/#\/schema\/person\/image\/\",\"url\":\"https:\/\/secure.gravatar.com\/avatar\/3fc10235d92aa9eabd2e7eece1611d33?s=96&d=mm&r=g\",\"contentUrl\":\"https:\/\/secure.gravatar.com\/avatar\/3fc10235d92aa9eabd2e7eece1611d33?s=96&d=mm&r=g\",\"caption\":\"Louise Febrinon\"},\"description\":\"Dipl\u00f4m\u00e9e en architecture, Louise interroge la conception du m\u00e9tier d\u2019architecte \u00e0 travers plusieurs terrains de recherche soumis aux risques naturels et anthropiques en France et \u00e0 l\u2019\u00e9tranger. Elle a suivi une formation en Risques Majeurs \u00e0 l\u2019ENSA de Belleville qui lui a apport\u00e9 des outils d'analyse, diagnostiques structurels et sanitaires, entretiens et \u00e9tudes anthropologiques, afin de comprendre et de mieux traiter la strat\u00e9gie de r\u00e9ponse architecturale face \u00e0 l'urgence.\u00a0\",\"url\":\"https:\/\/tatataaaaa.com\/newklima\/author\/louise-febrinon\/\"}]}<\/script>\n<!-- \/ Yoast SEO plugin. -->","yoast_head_json":{"title":"Les damn\u00e9es de la mer, femmes et fronti\u00e8res en M\u00e9diterran\u00e9e","robots":{"index":"index","follow":"follow","max-snippet":"max-snippet:-1","max-image-preview":"max-image-preview:large","max-video-preview":"max-video-preview:-1"},"canonical":"https:\/\/tatataaaaa.com\/newklima\/les-damnees-de-la-mer-femmes-et-frontieres-en-mediterranee\/","og_locale":"fr_FR","og_type":"article","og_title":"Les damn\u00e9es de la mer, femmes et fronti\u00e8res en M\u00e9diterran\u00e9e","og_description":"Le contexte Contexte climatique et g\u00e9opolitique\u00a0: vers une augmentation des migrations \u00a0 Le 23 juin 2021 les experts du climat de l\u2019ONU ont d\u00e9voil\u00e9 un nouveau projet de rapport montrant que les impacts du d\u00e9r\u00e8glement climatique vont s\u2019acc\u00e9l\u00e9rer et que des changements irr\u00e9versibles sont \u00e0 pr\u00e9voir au-del\u00e0 du seuil de r\u00e9chauffement moyen de la plan\u00e8te [&hellip;]","og_url":"https:\/\/tatataaaaa.com\/newklima\/les-damnees-de-la-mer-femmes-et-frontieres-en-mediterranee\/","og_site_name":"Atelier Klima","article_published_time":"2021-08-07T14:01:39+00:00","article_modified_time":"2023-03-15T10:52:20+00:00","og_image":[{"width":1024,"height":682,"url":"https:\/\/tatataaaaa.com\/newklima\/wp-content\/uploads\/2021\/08\/Massimo-Sestini.jpg","type":"image\/jpeg"}],"author":"Louise Febrinon","twitter_card":"summary_large_image","twitter_creator":"@Klima_ONG","twitter_site":"@Klima_ONG","twitter_misc":{"\u00c9crit par":"Louise Febrinon","Dur\u00e9e de lecture estim\u00e9e":"13 minutes"},"schema":{"@context":"https:\/\/schema.org","@graph":[{"@type":"Article","@id":"https:\/\/tatataaaaa.com\/newklima\/les-damnees-de-la-mer-femmes-et-frontieres-en-mediterranee\/#article","isPartOf":{"@id":"https:\/\/tatataaaaa.com\/newklima\/les-damnees-de-la-mer-femmes-et-frontieres-en-mediterranee\/"},"author":{"name":"Louise Febrinon","@id":"https:\/\/tatataaaaa.com\/newklima\/#\/schema\/person\/e621d521dc65e98bb81183fb15ff0aa1"},"headline":"Les damn\u00e9es de la mer, femmes et fronti\u00e8res en M\u00e9diterran\u00e9e","datePublished":"2021-08-07T14:01:39+00:00","dateModified":"2023-03-15T10:52:20+00:00","mainEntityOfPage":{"@id":"https:\/\/tatataaaaa.com\/newklima\/les-damnees-de-la-mer-femmes-et-frontieres-en-mediterranee\/"},"wordCount":2544,"publisher":{"@id":"https:\/\/tatataaaaa.com\/newklima\/#organization"},"image":{"@id":"https:\/\/tatataaaaa.com\/newklima\/les-damnees-de-la-mer-femmes-et-frontieres-en-mediterranee\/#primaryimage"},"thumbnailUrl":"https:\/\/tatataaaaa.com\/newklima\/wp-content\/uploads\/2021\/08\/Massimo-Sestini.jpg","articleSection":["Articles"],"inLanguage":"fr-FR"},{"@type":"WebPage","@id":"https:\/\/tatataaaaa.com\/newklima\/les-damnees-de-la-mer-femmes-et-frontieres-en-mediterranee\/","url":"https:\/\/tatataaaaa.com\/newklima\/les-damnees-de-la-mer-femmes-et-frontieres-en-mediterranee\/","name":"Les damn\u00e9es de la mer, femmes et fronti\u00e8res en M\u00e9diterran\u00e9e","isPartOf":{"@id":"https:\/\/tatataaaaa.com\/newklima\/#website"},"primaryImageOfPage":{"@id":"https:\/\/tatataaaaa.com\/newklima\/les-damnees-de-la-mer-femmes-et-frontieres-en-mediterranee\/#primaryimage"},"image":{"@id":"https:\/\/tatataaaaa.com\/newklima\/les-damnees-de-la-mer-femmes-et-frontieres-en-mediterranee\/#primaryimage"},"thumbnailUrl":"https:\/\/tatataaaaa.com\/newklima\/wp-content\/uploads\/2021\/08\/Massimo-Sestini.jpg","datePublished":"2021-08-07T14:01:39+00:00","dateModified":"2023-03-15T10:52:20+00:00","breadcrumb":{"@id":"https:\/\/tatataaaaa.com\/newklima\/les-damnees-de-la-mer-femmes-et-frontieres-en-mediterranee\/#breadcrumb"},"inLanguage":"fr-FR","potentialAction":[{"@type":"ReadAction","target":["https:\/\/tatataaaaa.com\/newklima\/les-damnees-de-la-mer-femmes-et-frontieres-en-mediterranee\/"]}]},{"@type":"ImageObject","inLanguage":"fr-FR","@id":"https:\/\/tatataaaaa.com\/newklima\/les-damnees-de-la-mer-femmes-et-frontieres-en-mediterranee\/#primaryimage","url":"https:\/\/tatataaaaa.com\/newklima\/wp-content\/uploads\/2021\/08\/Massimo-Sestini.jpg","contentUrl":"https:\/\/tatataaaaa.com\/newklima\/wp-content\/uploads\/2021\/08\/Massimo-Sestini.jpg","width":1024,"height":682,"caption":"\u00a9 Massimo Sestini"},{"@type":"BreadcrumbList","@id":"https:\/\/tatataaaaa.com\/newklima\/les-damnees-de-la-mer-femmes-et-frontieres-en-mediterranee\/#breadcrumb","itemListElement":[{"@type":"ListItem","position":1,"name":"Home","item":"https:\/\/tatataaaaa.com\/newklima\/"},{"@type":"ListItem","position":2,"name":"Les damn\u00e9es de la mer, femmes et fronti\u00e8res en M\u00e9diterran\u00e9e"}]},{"@type":"WebSite","@id":"https:\/\/tatataaaaa.com\/newklima\/#website","url":"https:\/\/tatataaaaa.com\/newklima\/","name":"Atelier Klima","description":"Adaptation littorale au changement climatique","publisher":{"@id":"https:\/\/tatataaaaa.com\/newklima\/#organization"},"potentialAction":[{"@type":"SearchAction","target":{"@type":"EntryPoint","urlTemplate":"https:\/\/tatataaaaa.com\/newklima\/?s={search_term_string}"},"query-input":{"@type":"PropertyValueSpecification","valueRequired":true,"valueName":"search_term_string"}}],"inLanguage":"fr-FR"},{"@type":"Organization","@id":"https:\/\/tatataaaaa.com\/newklima\/#organization","name":"Atelier Klima","url":"https:\/\/tatataaaaa.com\/newklima\/","logo":{"@type":"ImageObject","inLanguage":"fr-FR","@id":"https:\/\/tatataaaaa.com\/newklima\/#\/schema\/logo\/image\/","url":"https:\/\/tatataaaaa.com\/newklima\/wp-content\/uploads\/2019\/03\/klima-ong-favicon.gif","contentUrl":"https:\/\/tatataaaaa.com\/newklima\/wp-content\/uploads\/2019\/03\/klima-ong-favicon.gif","width":512,"height":512,"caption":"Atelier Klima"},"image":{"@id":"https:\/\/tatataaaaa.com\/newklima\/#\/schema\/logo\/image\/"},"sameAs":["https:\/\/x.com\/Klima_ONG","https:\/\/www.instagram.com\/sophiedulau\/"]},{"@type":"Person","@id":"https:\/\/tatataaaaa.com\/newklima\/#\/schema\/person\/e621d521dc65e98bb81183fb15ff0aa1","name":"Louise Febrinon","image":{"@type":"ImageObject","inLanguage":"fr-FR","@id":"https:\/\/tatataaaaa.com\/newklima\/#\/schema\/person\/image\/","url":"https:\/\/secure.gravatar.com\/avatar\/3fc10235d92aa9eabd2e7eece1611d33?s=96&d=mm&r=g","contentUrl":"https:\/\/secure.gravatar.com\/avatar\/3fc10235d92aa9eabd2e7eece1611d33?s=96&d=mm&r=g","caption":"Louise Febrinon"},"description":"Dipl\u00f4m\u00e9e en architecture, Louise interroge la conception du m\u00e9tier d\u2019architecte \u00e0 travers plusieurs terrains de recherche soumis aux risques naturels et anthropiques en France et \u00e0 l\u2019\u00e9tranger. Elle a suivi une formation en Risques Majeurs \u00e0 l\u2019ENSA de Belleville qui lui a apport\u00e9 des outils d'analyse, diagnostiques structurels et sanitaires, entretiens et \u00e9tudes anthropologiques, afin de comprendre et de mieux traiter la strat\u00e9gie de r\u00e9ponse architecturale face \u00e0 l'urgence.\u00a0","url":"https:\/\/tatataaaaa.com\/newklima\/author\/louise-febrinon\/"}]}},"_links":{"self":[{"href":"https:\/\/tatataaaaa.com\/newklima\/wp-json\/wp\/v2\/posts\/5394","targetHints":{"allow":["GET"]}}],"collection":[{"href":"https:\/\/tatataaaaa.com\/newklima\/wp-json\/wp\/v2\/posts"}],"about":[{"href":"https:\/\/tatataaaaa.com\/newklima\/wp-json\/wp\/v2\/types\/post"}],"author":[{"embeddable":true,"href":"https:\/\/tatataaaaa.com\/newklima\/wp-json\/wp\/v2\/users\/36"}],"replies":[{"embeddable":true,"href":"https:\/\/tatataaaaa.com\/newklima\/wp-json\/wp\/v2\/comments?post=5394"}],"version-history":[{"count":14,"href":"https:\/\/tatataaaaa.com\/newklima\/wp-json\/wp\/v2\/posts\/5394\/revisions"}],"predecessor-version":[{"id":7617,"href":"https:\/\/tatataaaaa.com\/newklima\/wp-json\/wp\/v2\/posts\/5394\/revisions\/7617"}],"wp:featuredmedia":[{"embeddable":true,"href":"https:\/\/tatataaaaa.com\/newklima\/wp-json\/wp\/v2\/media\/5423"}],"wp:attachment":[{"href":"https:\/\/tatataaaaa.com\/newklima\/wp-json\/wp\/v2\/media?parent=5394"}],"wp:term":[{"taxonomy":"category","embeddable":true,"href":"https:\/\/tatataaaaa.com\/newklima\/wp-json\/wp\/v2\/categories?post=5394"},{"taxonomy":"post_tag","embeddable":true,"href":"https:\/\/tatataaaaa.com\/newklima\/wp-json\/wp\/v2\/tags?post=5394"}],"curies":[{"name":"wp","href":"https:\/\/api.w.org\/{rel}","templated":true}]}}