{"id":460,"date":"2019-02-27T19:16:31","date_gmt":"2019-02-27T19:16:31","guid":{"rendered":"https:\/\/tatataaaaa.com\/newklima\/?p=460"},"modified":"2023-03-15T10:54:43","modified_gmt":"2023-03-15T10:54:43","slug":"le-gout-de-paul-virilio-pour-la-parole-penultieme","status":"publish","type":"post","link":"https:\/\/tatataaaaa.com\/newklima\/le-gout-de-paul-virilio-pour-la-parole-penultieme\/","title":{"rendered":"La\u00a0parole p\u00e9nulti\u00e8me"},"content":{"rendered":"<p class=\"p1\">Je me sens concern\u00e9 par la disparition de&nbsp;Paul Virilio. C\u2019est le moment opportun pour faire une  \u00ab&nbsp;d\u00e9claration spontan\u00e9e&nbsp;\u00bb et apporter quelques clarifications, au sujet de&nbsp;certaines de ces interventions apodictiques et&nbsp;apodidactiques.<\/p>\n<p class=\"p1\"><b>1. <\/b>Les faits personnels. La m\u00e9moire \u2013 souvenirs transform\u00e9s et attentes modifi\u00e9es \u2013 me renvoie \u00e0 Virilio en tant que cor\u00e9dacteur de la revue  \u00ab&nbsp;Traverses&nbsp;\u00bb du CCI (Centre de Cr\u00e9ation industrielle de Beaubourg) \u2013 avec Michel de Certeau, Louis Marin et Jean Baudrillard&nbsp;; dans le comit\u00e9 scientifique des  \u00ab&nbsp;Cahiers d\u2019\u00c9tudes strat\u00e9giques&nbsp;\u00bb du CIRPES, Centre International de Recherches sur la&nbsp;Paix et les \u00c9tudes Strat\u00e9giques (EHESS)&nbsp;; coparticipant au colloque publi\u00e9 sur  \u00ab&nbsp;L\u2019\u00c9tat nucl\u00e9aire&nbsp;\u00bb, au num\u00e9ro sur la Guerre de  \u00ab&nbsp;Change international&nbsp;\u00bb, n. 2, 1984&nbsp;; codirecteur du programme du CiPH, Coll\u00e8ge international de Philosophie. Virilio \u00e9tait pr\u00e9sident du&nbsp;Colloque Images et politique, aux Rencontres internationales de la photographie d\u2019Arles (1997) auquel j\u2019ai particip\u00e9 avec  \u00ab&nbsp;Faire de l\u2019image un monument&nbsp;\u00bb (AA.VV, Images et politique, Actes sud\/AFAA, Arles, 1998.)<\/p>\n<p class=\"p1\"><b>2. <\/b>Explicitations. En s\u2019int\u00e9ressant h\u00e2tivement \u00e0 un auteur aussi productif &#8211; les traductions en italien sont tr\u00e8s nombreuses &#8211; on court le risque de le renvoyer \u00e0 l\u2019Had\u00e8s de l\u2019oubli \u2013 comme c\u2019est arriv\u00e9 \u00e0 l\u2019ami commun Jean Baudrillard. Souhaitons un destin meilleur que les proc\u00e9dures exp\u00e9ditives d\u2019embaumement pour&nbsp;: l\u2019inventeur de la dromologie, le&nbsp;visionnaire v\u00e9loce de la technologie, le&nbsp;th\u00e9oricien des catastrophes, et <i>absit iniura verbis<\/i>, le&nbsp;massm\u00e9diologue.<\/p>\n<p class=\"p1\"><span class=\"s1\">Et surtout le Philosophe, une commande de la pens\u00e9e dont Virilio ne s\u2019est jamais empar\u00e9, du moins dans la tradition philosophique fran\u00e7aise, partag\u00e9e entre Sartre et Merleau-Ponty d\u2019un c\u00f4t\u00e9 et Koyr\u00e9 et Bachelard de l\u2019autre. Ni m\u00eame philosophe de l\u2019acception de l\u2019anthropologie scientifique (Serres) ou de la philosophie empirique (Latour). Plus proche, le cas \u00e9ch\u00e9ant, de Guattari, avec lequel il a v\u00e9cu le mai 1968 Fran\u00e7ais \u2013 Deleuze \u00e9tait absent excus\u00e9&nbsp;! \u2013 et selon lequel n\u2019importe qui synth\u00e9tisant des concepts \u00e9tait philosophe.<\/span><\/p>\n<p class=\"p1\"><span class=\"s1\">Plut\u00f4t que de le pendre au cintre prot\u00e9iforme des pop-philosophes \u2013 qu\u2019il aurait accus\u00e9 volontiers de philo-folie &#8211; il vaut mieux lui reconna\u00eetre le r\u00f4le d\u2019intellectuel dreyfusard.<\/span><\/p>\n<p class=\"p1\"><span class=\"s1\">Penseur fort, critique dans les contenus et essayiste dans l\u2019\u00e9criture graphique \u2013 livres, revues, collections \u2013 et visuelle&nbsp;; comme le prouvent les expositions importantes&nbsp;:  \u00ab&nbsp;Vivre \u00e0 l\u2019oblique&nbsp;\u00bb (1970),  \u00ab&nbsp;Bunker Arch\u00e9ologie&nbsp;\u00bb (1975),<span class=\"Apple-converted-space\">&nbsp; <\/span>\u00ab&nbsp;La&nbsp;vitesse&nbsp;\u00bb (1991),  \u00ab&nbsp;Ce qui arrive&nbsp;\u00bb (2002), \u00ab&nbsp;Terre Natale, l\u2019ailleurs commence ici&nbsp;\u00bb (2008-2009). Exp\u00e9riences visibles de pens\u00e9e et d\u2019un art R\u00e9velationnaire&nbsp;!<\/span><\/p>\n<p class=\"p1\"><span class=\"s1\"><b>2.1.<\/b> Un intellectuel marqu\u00e9 par la guerre. Fils d\u2019un \u00e9migr\u00e9 italien, Virilio a v\u00e9cu l\u2019exp\u00e9rience de la Blitzkrieg allemande avant et apr\u00e8s la disparition de la ville de Nantes sous les bombardements  \u00ab&nbsp;lib\u00e9rateurs&nbsp;\u00bb. Guerre mondiale et destruction urbaine totale d\u2019o\u00f9 il a tir\u00e9 des&nbsp;prospectives sur le rapport de la vitesse et de&nbsp;l\u2019architecture, sur la ville et la technique de guerre. Virilio qui a re\u00e7u en 1987 le Grand prix national de la critique architectural est avant tout un urbaniste, c\u2019est-\u00e0-dire un architecte passionn\u00e9 par les arts de l\u2019espace \u2013 le th\u00e9\u00e2tre et la danse \u2013 et dot\u00e9 d\u2019une vision culturelle internationale. Directeur de l\u2019\u00c9cole sp\u00e9ciale d\u2019architecture de Paris, son int\u00e9r\u00eat pour les bunkers allemands du Mur de l\u2019Atlantique \u2013 le&nbsp;Walhalla des monolithes Bauhaus dans l\u2019espace militaire \u2013 tient \u00e0 son penchant pour la Caverne contre la Tour forteresse comme lieu primaire de survie et pour le b\u00e9ton comme mat\u00e9riel de r\u00e9sistance.<\/span> Th\u00e9oricien de l\u2019Architecture oblique faite d\u2019espaces int\u00e9rieurs sans solution de continuit\u00e9 \u00e0 travers l\u2019encha\u00eenement de plans obliques et horizontaux, il a construit \u00e0 Nevers une \u00e9glise bunker (Sainte-Bernadette-du-Banlay) et il a influenc\u00e9 des archistars tel que Jean Nouvel. L\u2019Obliquit\u00e9 est une tendance strat\u00e9gique qui vise \u00e0 fuir diagonalement l\u2019opposition \u00eatre vertical et horizontal, un id\u00e9ogramme qui l\u2019a men\u00e9 petit \u00e0 petit jusqu\u2019\u00e0 son contraire, \u00e0 la d\u00e9mat\u00e9rialisation contemporaine des virtualit\u00e9s.<\/p>\n<p class=\"p1\">Apr\u00e8s l\u2019exp\u00e9rience radicale et soixante-huitarde \u2013 Virilio occupe la Sorbonne et le Th\u00e9\u00e2tre de l\u2019Od\u00e9on \u2013 et la d\u00e9sillusion qui en suit, il fonde la revue  \u00ab&nbsp;Cause Commune&nbsp;\u00bb avec Georges Perec, marqu\u00e9 par la guerre comme lui. Pour ces deux-l\u00e0, Mai 1968 est plus un \u00e9v\u00e9nement culturel que politique et son implosion remet en&nbsp;cause la realpolitik de la gauche et la certitude facile des lieux communs. En plein scandale du Watergate, Virilio analyse la&nbsp;configuration des \u00e9difices et dans ses enqu\u00eates sur l\u2019urbanisme il&nbsp;\u00e9tudie le d\u00e9tournement des lieux \u2013 des \u00e9glises qui deviennent des garages, des casernes devenues mus\u00e9es et des entrep\u00f4ts transform\u00e9s en th\u00e9\u00e2tres. Mais surtout il souligne, avec Perec, l\u2019Introduction de signes infra-ordinaires \u2013 ni&nbsp;ordinaires, ni extraordinaires \u2013 pour donner une langue et un sens \u00e0  \u00ab&nbsp;l\u2019anti-spectacle journalier dont les journaux ne parlent pas&nbsp;\u00bb. M\u00eame si Perec a adh\u00e9r\u00e9 d\u00e8s 1967 \u00e0 l\u2019Oulipo, Virilio refuse de le r\u00e9duire aux seuls jeux de langage et il montre du doigt la violence tragique qui habiterait aussi son propre travail. Pour lui le nouveau voyeurisme de Perec est \u2013 \u00e0 la diff\u00e9rence de Robbe-Grillet \u2013 celui d\u2019un nomade urbain qui par l\u2019\u00e9criture \u00e9puise sociologiquement et politiquement l\u2019espace. Esp\u00e8ces d\u2019espaces de Georges Perec (1974) est le premier tome de la collection  \u00ab&nbsp;L\u2019Espace critique&nbsp;\u00bb, que Virilio publie chez Galil\u00e9e pour r\u00e9fl\u00e9chir \u00e0 une nouvelle branche du savoir qu\u2019il a appel\u00e9 Dromologie. Une discipline des trajectoires qui se substitue \u00e0 la m\u00e9trologie, \u00e0 la g\u00e9om\u00e9trie des formes objectives, qui est n\u00e9cessaire pour \u00e9tudier le  \u00ab&nbsp;omnicit\u00e9s&nbsp;\u00bb multimillionnaires, la catastrophe majeure du&nbsp;XX<sup>e<\/sup> si\u00e8cle, que nous finirons par l\u00e2cher, selon Virilio, au m\u00eame titre que les paysans ont abandonn\u00e9 les terres.<\/p>\n<p class=\"p1\"><b>2.2 <\/b>Apr\u00e8s les ann\u00e9es 68 la notion d\u2019\u00c9v\u00e9nement s\u2019impose, mise en lumi\u00e8re dans l\u2019\u0153uvre de&nbsp;Deleuze et de Guattari. Dans le paysage des \u00e9v\u00e9nements, Virilio rel\u00e8ve la dimension accidentelle due \u00e0 l\u2019acc\u00e9l\u00e9ration plan\u00e9taire de la&nbsp;technique d\u2019abord, des nouvelles technologies ensuite. L\u2019accident, auquel il d\u00e9diera le regard transversal de ses recherches, n\u2019est pas seulement l\u2019absolue impr\u00e9visibilit\u00e9 de l\u2019\u00e9v\u00e9nement mais la d\u00e9faillance&nbsp;: r\u00e9sultat in\u00e9vitable mais inimaginable de tout savoir-faire technique. ( \u00ab&nbsp;C\u2019est le navire qui invente le naufrage&nbsp;\u00bb)&nbsp;! Son attention aux accidents toujours nouveaux qui arrivent pour rem\u00e9dier aux accidents, l\u2019achemine vers la d\u00e9finition d\u2019Accident int\u00e9gral, catastrophique&nbsp;: avec des points de rupture tels que Seveso, Tchernobyl, Fukuyama, la destruction des (d\u00e9test\u00e9es et bab\u00e9liques) tours&nbsp;! Les catastrophes sont les issues impliqu\u00e9es par <span class=\"s2\">le succ\u00e8s technique et non dans sa faillite&nbsp;: plus l\u2019invention est performante et plus l\u2019accident est traumatisant. L\u2019extase de l\u2019acc\u00e9l\u00e9ration qui marque de son allure de Golem la science et les arts techniques n\u2019exige pas seulement un principe de pr\u00e9caution, mais aussi une nouvelle r\u00e9flexion \u00e9thique et politique. Jusqu\u2019\u00e0 l\u2019urgence de d\u00e9cro\u00eetre et de d\u00e9sinventer (voir le cas du plastique et de l\u2019automobile)&nbsp;! D\u2019autant plus que la progression de la technique dans les soci\u00e9t\u00e9s militaro-industrielles est toujours orient\u00e9e, quand elle n\u2019est pas dict\u00e9e, par la logistique de guerre, par l\u2019invention de proth\u00e8ses meurtri\u00e8res, d\u00e9j\u00e0 nucl\u00e9aires et aujourd\u2019hui cybern\u00e9tiques. La guerre avance masqu\u00e9e par le free d\u2019une interactivit\u00e9 libre et gratuite. Selon Virilio, les m\u00eames instruments de communication &#8211; du t\u00e9l\u00e9graphe \u00e0 la&nbsp;photographie et au cin\u00e9ma, du radar \u00e0 internet &#8211; sont des dispositifs \u00e0 dominante optique et \u00e9lectronique, homologu\u00e9s et emprunt\u00e9s aux techno-syst\u00e8mes d\u2019interaction strat\u00e9gique. L\u2019arsenal postmoderne, pr\u00eat pour l\u2019emploi, compte d\u00e9sormais sur trois microsyst\u00e8mes de bombe&nbsp;: nucl\u00e9aire, informatique et g\u00e9n\u00e9tique &#8211; la&nbsp;d\u00e9lib\u00e9r\u00e9e, sinistre mutation de la nature humaine.<\/span><\/p>\n<p class=\"p1\"><b>2.3.<\/b> La valeur de la vitesse dont Virilio reconna\u00eet la d\u00e9couverte \u00e0 l\u2019avant-garde belliqueuse du Futurisme a guid\u00e9 ses derni\u00e8res observations (voir  \u00ab&nbsp;Le Futurisme de l\u2019instant&nbsp;\u00bb dans le premier num\u00e9ro de Alfabeta, 2010). De l\u2019espace au temps, de la typologie aux \u00ab&nbsp;nanochronologies&nbsp;\u00bb&nbsp;: les moyens de transport, les flux touristiques mettent fin aux temps locaux et aux jets lags.<\/p>\n<p class=\"p1\">Le rapport entre le S\u00e9dentaire qui sait toujours, \u00e9quip\u00e9 en communication, l\u00e0 o\u00f9 il se trouve et o\u00f9 qu\u2019il aille et le Nomade, pas \u00e0 sa place en&nbsp;tout lieu est en train de s\u2019inverser.<\/p>\n<p class=\"p1\">Pour Virilio la synchronisation verticale temporelle pollue les distances et r\u00e9duit la perception m\u00eame de la Terre, dans sa&nbsp;dimension et son \u00e9cosyst\u00e8me. C\u2019est la&nbsp;racine du repeuplement plan\u00e9taire en cours, diasporas contre lesquelles il est inutile de doter l\u2019espace de murs (voir l\u2019exposition  \u00ab&nbsp;Terre Natale, Ailleurs commence ici&nbsp;\u00bb, 2008-2009). La&nbsp;simultan\u00e9it\u00e9 cr\u00e9e de nouvelles inerties et de nouvelles incertitudes, pas seulement spatiales mais aussi temporelles &#8211; le terrorisme est en effet omnipr\u00e9sent. Dans ses derni\u00e8res \u0153uvres Virilio surligne le&nbsp;ph\u00e9nom\u00e8ne de la synchronisation instantan\u00e9e des affects comme matrice des flux nouveaux et des rassemblements collectifs et politiques. L\u2019\u00e9motion simultan\u00e9e et en temps r\u00e9el remplace tout compte fait les int\u00e9r\u00eats qui ont standardis\u00e9 l\u2019opinion publique des d\u00e9mocraties repr\u00e9sentatives. La synonymie croissante de&nbsp;l\u2019information et de la d\u00e9sinformation (voir les&nbsp;soi-disantes fake news) fait partie des effets de la mondialisation&nbsp;:  \u00ab&nbsp;l\u2019entreprise la plus vaste de transmutation des opinions publiques jamais essay\u00e9e en temps de paix&nbsp;\u00bb.<\/p>\n<p class=\"p1\">Un  \u00ab&nbsp;futurisme de l\u2019instant&nbsp;\u00bb, le  \u00ab&nbsp;ici et maintenant&nbsp;\u00bb pr\u00e9sentisme radical alt\u00e8re le sens de l\u2019histoire d\u2019une fa\u00e7on catastrophique, mais n\u2019en est pas la fin. C\u2019est une autre histoire, impr\u00e9vue\/accidentelle, d\u00e9pourvue de la religion civile du progr\u00e8s qui serait rajout\u00e9e au r\u00e9gime \u00e9v\u00e9nementiel pr\u00e9vu par Braudel.<\/p>\n<p class=\"p1\"><b>3. <\/b>Cet \u0153uvre multiforme et radical, r\u00e9calcitrant par principe et en dehors des labels disciplinaires, a fait entrer en collision des critiques virulentes&nbsp;: le connu et d\u00e9risoire \u00ab&nbsp;canular de Sokal&nbsp;\u00bb contre lequel il se d\u00e9finissait critique d\u2019art de la science et les pamphlets des sociologues selon lesquels Virilio, tel que son ami Baudrillard, n\u2019aurait pas  \u00ab&nbsp;eu lieu&nbsp;\u00bb. La d\u00e9fense bienveillante qui lui attribue le titre fouri\u00e9riste de  \u00ab&nbsp;visionnaire&nbsp;\u00bb, en aggrave la position. \u00c0 travers la r\u00e9daction de dossiers documentaires sur la technologie et la guerre, Virilio saisit les impr\u00e9vus\/accidents comme des signes qui anticipent des tendances et des pr\u00e9sages d\u2019orientations collectives en voie de r\u00e9alisation&nbsp;: tel que le passage du regard de cyclope de la dictature orwellienne aux innombrables yeux de l\u2019actuel capitalisme du&nbsp;contr\u00f4le. Empreintes digitales et oculaires, donn\u00e9es ADN, drones, lecteurs de plaques d\u2019immatriculations&nbsp;: de l\u2019observation panoptique jusqu\u2019\u00e0 la trace la plus priv\u00e9e.<\/p>\n<p class=\"p1\">\u00c0 l\u2019inverse des mod\u00e8les \u00e9conom\u00e9triques souvent vou\u00e9s \u00e0 la faillite, Virilio balance des&nbsp;sondes et lance des alarmes&nbsp;: dans le monde pragmatique et n\u00e9or\u00e9aliste des matter of fact il se voulait investi de questions ardues et de probl\u00e8mes g\u00e9n\u00e9raux&nbsp;; il ne cherchait pas des r\u00e9ponses toutes faites et des solutions cl\u00e9s en main. La g\u00eane provoqu\u00e9e par ses propositions d\u2019un Mus\u00e9e des accidents, d\u2019une Universit\u00e9 du d\u00e9sastre, d\u2019un Minist\u00e8re de la planification temporelle, et d\u2019inclure la Nuit dans le&nbsp;patrimoine de l\u2019humanit\u00e9 \u00e9tait ironiquement calcul\u00e9e.<\/p>\n<p class=\"p1\">Le plus \u00e9tonnant c\u2019est le refus d\u2019un trait idiosyncratique de son style&nbsp;: les n\u00e9ologismes. Virilio n\u2019utilise pas des mots ou des images cl\u00e9 \u00e0 soumettre \u00e0 des moteurs de recherche. Il&nbsp;essaye, par des mots plus ou moins heureux, de prendre en charge des situations et des \u00e9v\u00e9nements nouveaux, de mettre l\u2019\u00e9criture au niveau des d\u00e9sastres infra-ordinaires qu\u2019il recherche et devant lesquels la parole quotidienne est au point mort. Claustropolis, Dromosph\u00e8re, M\u00e9t\u00e9opolitique, M\u00e9galoscopie, Nanomonde, Postintimit\u00e9, T\u00e9l\u00e9subjectif, Trajectographie, mais aussi Colonisation de la t\u00e9l\u00e9pr\u00e9sence, R\u00e9alit\u00e9 diminu\u00e9e, Reflex incondictionnel, Spectateur photosensible, Temps multifractale et ainsi de suite. Une&nbsp;\u00e9criture exp\u00e9rimentale qui dans son intention n\u2019est pas diff\u00e9rente des litt\u00e9ratures de l\u2019avant-garde et de l\u2019action optiquement incorrecte des artistes \u2013 Baj, Beuys, Pollock, Turrell, etc. \u2013 que Virilio pr\u00e9f\u00e9rait puisqu\u2019ils avaient quitt\u00e9 l\u2019atelier pour&nbsp;le&nbsp;laboratoire.<\/p>\n<p class=\"p1\">\u00c0 l\u2019instar des exp\u00e9rimentateurs, Virilio avait le&nbsp;go\u00fbt de la parole p\u00e9nulti\u00e8me&nbsp;: il n\u2019annon\u00e7ait pas de malheurs ultimes, il \u00e9tait apocalyptique dans le sens  \u00ab&nbsp;r\u00e9v\u00e9lationnaire&nbsp;\u00bb du terme. Fervent catholique, il citait Paul de Tarse&nbsp;: \u00ab&nbsp;Esp\u00e9rer contre toute esp\u00e9rance&nbsp;\u00bb ou, d\u2019une fa\u00e7on plus la\u00efque, Winston Churchill&nbsp;: \u00ab&nbsp;Un&nbsp;optimiste voit l\u2019opportunit\u00e9 dans chaque difficult\u00e9&nbsp;\u00bb.<\/p>\n","protected":false},"excerpt":{"rendered":"<p>Le s\u00e9miologie italien Paolo Fabbri revient sur l&rsquo;\u0153uvre multiforme et radical de Paul Virilio, ce littoraliste comme il se d\u00e9crivait lui-m\u00eame.<\/p>\n","protected":false},"author":14,"featured_media":463,"comment_status":"closed","ping_status":"closed","sticky":false,"template":"","format":"standard","meta":{"footnotes":""},"categories":[1],"tags":[],"class_list":["post-460","post","type-post","status-publish","format-standard","has-post-thumbnail","hentry","category-articles"],"yoast_head":"<!-- This site is optimized with the Yoast SEO plugin v24.2 - https:\/\/yoast.com\/wordpress\/plugins\/seo\/ -->\n<title>La\u00a0parole p\u00e9nulti\u00e8me<\/title>\n<meta name=\"robots\" content=\"index, follow, max-snippet:-1, max-image-preview:large, max-video-preview:-1\" \/>\n<link rel=\"canonical\" href=\"https:\/\/tatataaaaa.com\/newklima\/le-gout-de-paul-virilio-pour-la-parole-penultieme\/\" \/>\n<meta property=\"og:locale\" content=\"fr_FR\" \/>\n<meta property=\"og:type\" content=\"article\" \/>\n<meta property=\"og:title\" content=\"La\u00a0parole p\u00e9nulti\u00e8me\" \/>\n<meta property=\"og:description\" content=\"Le s\u00e9miologie italien Paolo Fabbri revient sur l&#039;\u0153uvre multiforme et radical de Paul Virilio, ce littoraliste comme il se d\u00e9crivait lui-m\u00eame.\" \/>\n<meta property=\"og:url\" content=\"https:\/\/tatataaaaa.com\/newklima\/le-gout-de-paul-virilio-pour-la-parole-penultieme\/\" \/>\n<meta property=\"og:site_name\" content=\"Atelier Klima\" \/>\n<meta property=\"article:published_time\" content=\"2019-02-27T19:16:31+00:00\" \/>\n<meta property=\"article:modified_time\" content=\"2023-03-15T10:54:43+00:00\" \/>\n<meta property=\"og:image\" content=\"https:\/\/tatataaaaa.com\/newklima\/wp-content\/uploads\/2019\/03\/La-Rochelle-scaled.jpg\" \/>\n\t<meta property=\"og:image:width\" content=\"2560\" \/>\n\t<meta property=\"og:image:height\" content=\"1696\" \/>\n\t<meta property=\"og:image:type\" content=\"image\/jpeg\" \/>\n<meta name=\"author\" content=\"Paolo Fabbri\" \/>\n<meta name=\"twitter:card\" content=\"summary_large_image\" \/>\n<meta name=\"twitter:creator\" content=\"@Klima_ONG\" \/>\n<meta name=\"twitter:site\" content=\"@Klima_ONG\" \/>\n<meta name=\"twitter:label1\" content=\"\u00c9crit par\" \/>\n\t<meta name=\"twitter:data1\" content=\"Paolo Fabbri\" \/>\n\t<meta name=\"twitter:label2\" content=\"Dur\u00e9e de lecture estim\u00e9e\" \/>\n\t<meta name=\"twitter:data2\" content=\"11 minutes\" \/>\n<script type=\"application\/ld+json\" class=\"yoast-schema-graph\">{\"@context\":\"https:\/\/schema.org\",\"@graph\":[{\"@type\":\"Article\",\"@id\":\"https:\/\/tatataaaaa.com\/newklima\/le-gout-de-paul-virilio-pour-la-parole-penultieme\/#article\",\"isPartOf\":{\"@id\":\"https:\/\/tatataaaaa.com\/newklima\/le-gout-de-paul-virilio-pour-la-parole-penultieme\/\"},\"author\":{\"name\":\"Paolo Fabbri\",\"@id\":\"https:\/\/tatataaaaa.com\/newklima\/#\/schema\/person\/3e32529b1d34ba453e23acdffb3fe7bc\"},\"headline\":\"La\u00a0parole p\u00e9nulti\u00e8me\",\"datePublished\":\"2019-02-27T19:16:31+00:00\",\"dateModified\":\"2023-03-15T10:54:43+00:00\",\"mainEntityOfPage\":{\"@id\":\"https:\/\/tatataaaaa.com\/newklima\/le-gout-de-paul-virilio-pour-la-parole-penultieme\/\"},\"wordCount\":2240,\"publisher\":{\"@id\":\"https:\/\/tatataaaaa.com\/newklima\/#organization\"},\"image\":{\"@id\":\"https:\/\/tatataaaaa.com\/newklima\/le-gout-de-paul-virilio-pour-la-parole-penultieme\/#primaryimage\"},\"thumbnailUrl\":\"https:\/\/tatataaaaa.com\/newklima\/wp-content\/uploads\/2019\/03\/La-Rochelle-scaled.jpg\",\"articleSection\":[\"Articles\"],\"inLanguage\":\"fr-FR\"},{\"@type\":\"WebPage\",\"@id\":\"https:\/\/tatataaaaa.com\/newklima\/le-gout-de-paul-virilio-pour-la-parole-penultieme\/\",\"url\":\"https:\/\/tatataaaaa.com\/newklima\/le-gout-de-paul-virilio-pour-la-parole-penultieme\/\",\"name\":\"La\u00a0parole p\u00e9nulti\u00e8me\",\"isPartOf\":{\"@id\":\"https:\/\/tatataaaaa.com\/newklima\/#website\"},\"primaryImageOfPage\":{\"@id\":\"https:\/\/tatataaaaa.com\/newklima\/le-gout-de-paul-virilio-pour-la-parole-penultieme\/#primaryimage\"},\"image\":{\"@id\":\"https:\/\/tatataaaaa.com\/newklima\/le-gout-de-paul-virilio-pour-la-parole-penultieme\/#primaryimage\"},\"thumbnailUrl\":\"https:\/\/tatataaaaa.com\/newklima\/wp-content\/uploads\/2019\/03\/La-Rochelle-scaled.jpg\",\"datePublished\":\"2019-02-27T19:16:31+00:00\",\"dateModified\":\"2023-03-15T10:54:43+00:00\",\"breadcrumb\":{\"@id\":\"https:\/\/tatataaaaa.com\/newklima\/le-gout-de-paul-virilio-pour-la-parole-penultieme\/#breadcrumb\"},\"inLanguage\":\"fr-FR\",\"potentialAction\":[{\"@type\":\"ReadAction\",\"target\":[\"https:\/\/tatataaaaa.com\/newklima\/le-gout-de-paul-virilio-pour-la-parole-penultieme\/\"]}]},{\"@type\":\"ImageObject\",\"inLanguage\":\"fr-FR\",\"@id\":\"https:\/\/tatataaaaa.com\/newklima\/le-gout-de-paul-virilio-pour-la-parole-penultieme\/#primaryimage\",\"url\":\"https:\/\/tatataaaaa.com\/newklima\/wp-content\/uploads\/2019\/03\/La-Rochelle-scaled.jpg\",\"contentUrl\":\"https:\/\/tatataaaaa.com\/newklima\/wp-content\/uploads\/2019\/03\/La-Rochelle-scaled.jpg\",\"width\":2560,\"height\":1696},{\"@type\":\"BreadcrumbList\",\"@id\":\"https:\/\/tatataaaaa.com\/newklima\/le-gout-de-paul-virilio-pour-la-parole-penultieme\/#breadcrumb\",\"itemListElement\":[{\"@type\":\"ListItem\",\"position\":1,\"name\":\"Home\",\"item\":\"https:\/\/tatataaaaa.com\/newklima\/\"},{\"@type\":\"ListItem\",\"position\":2,\"name\":\"La\u00a0parole p\u00e9nulti\u00e8me\"}]},{\"@type\":\"WebSite\",\"@id\":\"https:\/\/tatataaaaa.com\/newklima\/#website\",\"url\":\"https:\/\/tatataaaaa.com\/newklima\/\",\"name\":\"Atelier Klima\",\"description\":\"Adaptation littorale au changement climatique\",\"publisher\":{\"@id\":\"https:\/\/tatataaaaa.com\/newklima\/#organization\"},\"potentialAction\":[{\"@type\":\"SearchAction\",\"target\":{\"@type\":\"EntryPoint\",\"urlTemplate\":\"https:\/\/tatataaaaa.com\/newklima\/?s={search_term_string}\"},\"query-input\":{\"@type\":\"PropertyValueSpecification\",\"valueRequired\":true,\"valueName\":\"search_term_string\"}}],\"inLanguage\":\"fr-FR\"},{\"@type\":\"Organization\",\"@id\":\"https:\/\/tatataaaaa.com\/newklima\/#organization\",\"name\":\"Atelier Klima\",\"url\":\"https:\/\/tatataaaaa.com\/newklima\/\",\"logo\":{\"@type\":\"ImageObject\",\"inLanguage\":\"fr-FR\",\"@id\":\"https:\/\/tatataaaaa.com\/newklima\/#\/schema\/logo\/image\/\",\"url\":\"https:\/\/tatataaaaa.com\/newklima\/wp-content\/uploads\/2019\/03\/klima-ong-favicon.gif\",\"contentUrl\":\"https:\/\/tatataaaaa.com\/newklima\/wp-content\/uploads\/2019\/03\/klima-ong-favicon.gif\",\"width\":512,\"height\":512,\"caption\":\"Atelier Klima\"},\"image\":{\"@id\":\"https:\/\/tatataaaaa.com\/newklima\/#\/schema\/logo\/image\/\"},\"sameAs\":[\"https:\/\/x.com\/Klima_ONG\",\"https:\/\/www.instagram.com\/sophiedulau\/\"]},{\"@type\":\"Person\",\"@id\":\"https:\/\/tatataaaaa.com\/newklima\/#\/schema\/person\/3e32529b1d34ba453e23acdffb3fe7bc\",\"name\":\"Paolo Fabbri\",\"image\":{\"@type\":\"ImageObject\",\"inLanguage\":\"fr-FR\",\"@id\":\"https:\/\/tatataaaaa.com\/newklima\/#\/schema\/person\/image\/\",\"url\":\"https:\/\/secure.gravatar.com\/avatar\/c70fd7f4cf0823e88cd8e7d0f34bdda2?s=96&d=mm&r=g\",\"contentUrl\":\"https:\/\/secure.gravatar.com\/avatar\/c70fd7f4cf0823e88cd8e7d0f34bdda2?s=96&d=mm&r=g\",\"caption\":\"Paolo Fabbri\"},\"description\":\"Paolo Fabbri est un s\u00e9mioticien italien contemporain, professeur \u00e0 l\u2019universit\u00e9 de Bologne. Il a dirig\u00e9 l\u2019Istituto italiano di cultura de Paris (1992-1996). Il a \u00e9galement enseign\u00e9 aux universit\u00e9s de Florence, Urbino, Palerme, \u00e0 l\u2019\u00c9cole des hautes \u00e9tudes en sciences sociales et au Coll\u00e8ge international de philosophie, ainsi qu\u2019aux \u00c9tats-Unis, en Australie, au\u00a0Canada, en Espagne, au Br\u00e9sil et en Argentine. Il a \u00e9t\u00e9 professeur \u00e0 la Facolt\u00e0 di Arte e Design, IUAV, Universit\u00e9 de Venise.\",\"url\":\"https:\/\/tatataaaaa.com\/newklima\/author\/paolo-fabbri\/\"}]}<\/script>\n<!-- \/ Yoast SEO plugin. -->","yoast_head_json":{"title":"La\u00a0parole p\u00e9nulti\u00e8me","robots":{"index":"index","follow":"follow","max-snippet":"max-snippet:-1","max-image-preview":"max-image-preview:large","max-video-preview":"max-video-preview:-1"},"canonical":"https:\/\/tatataaaaa.com\/newklima\/le-gout-de-paul-virilio-pour-la-parole-penultieme\/","og_locale":"fr_FR","og_type":"article","og_title":"La\u00a0parole p\u00e9nulti\u00e8me","og_description":"Le s\u00e9miologie italien Paolo Fabbri revient sur l'\u0153uvre multiforme et radical de Paul Virilio, ce littoraliste comme il se d\u00e9crivait lui-m\u00eame.","og_url":"https:\/\/tatataaaaa.com\/newklima\/le-gout-de-paul-virilio-pour-la-parole-penultieme\/","og_site_name":"Atelier Klima","article_published_time":"2019-02-27T19:16:31+00:00","article_modified_time":"2023-03-15T10:54:43+00:00","og_image":[{"width":2560,"height":1696,"url":"https:\/\/tatataaaaa.com\/newklima\/wp-content\/uploads\/2019\/03\/La-Rochelle-scaled.jpg","type":"image\/jpeg"}],"author":"Paolo Fabbri","twitter_card":"summary_large_image","twitter_creator":"@Klima_ONG","twitter_site":"@Klima_ONG","twitter_misc":{"\u00c9crit par":"Paolo Fabbri","Dur\u00e9e de lecture estim\u00e9e":"11 minutes"},"schema":{"@context":"https:\/\/schema.org","@graph":[{"@type":"Article","@id":"https:\/\/tatataaaaa.com\/newklima\/le-gout-de-paul-virilio-pour-la-parole-penultieme\/#article","isPartOf":{"@id":"https:\/\/tatataaaaa.com\/newklima\/le-gout-de-paul-virilio-pour-la-parole-penultieme\/"},"author":{"name":"Paolo Fabbri","@id":"https:\/\/tatataaaaa.com\/newklima\/#\/schema\/person\/3e32529b1d34ba453e23acdffb3fe7bc"},"headline":"La\u00a0parole p\u00e9nulti\u00e8me","datePublished":"2019-02-27T19:16:31+00:00","dateModified":"2023-03-15T10:54:43+00:00","mainEntityOfPage":{"@id":"https:\/\/tatataaaaa.com\/newklima\/le-gout-de-paul-virilio-pour-la-parole-penultieme\/"},"wordCount":2240,"publisher":{"@id":"https:\/\/tatataaaaa.com\/newklima\/#organization"},"image":{"@id":"https:\/\/tatataaaaa.com\/newklima\/le-gout-de-paul-virilio-pour-la-parole-penultieme\/#primaryimage"},"thumbnailUrl":"https:\/\/tatataaaaa.com\/newklima\/wp-content\/uploads\/2019\/03\/La-Rochelle-scaled.jpg","articleSection":["Articles"],"inLanguage":"fr-FR"},{"@type":"WebPage","@id":"https:\/\/tatataaaaa.com\/newklima\/le-gout-de-paul-virilio-pour-la-parole-penultieme\/","url":"https:\/\/tatataaaaa.com\/newklima\/le-gout-de-paul-virilio-pour-la-parole-penultieme\/","name":"La\u00a0parole p\u00e9nulti\u00e8me","isPartOf":{"@id":"https:\/\/tatataaaaa.com\/newklima\/#website"},"primaryImageOfPage":{"@id":"https:\/\/tatataaaaa.com\/newklima\/le-gout-de-paul-virilio-pour-la-parole-penultieme\/#primaryimage"},"image":{"@id":"https:\/\/tatataaaaa.com\/newklima\/le-gout-de-paul-virilio-pour-la-parole-penultieme\/#primaryimage"},"thumbnailUrl":"https:\/\/tatataaaaa.com\/newklima\/wp-content\/uploads\/2019\/03\/La-Rochelle-scaled.jpg","datePublished":"2019-02-27T19:16:31+00:00","dateModified":"2023-03-15T10:54:43+00:00","breadcrumb":{"@id":"https:\/\/tatataaaaa.com\/newklima\/le-gout-de-paul-virilio-pour-la-parole-penultieme\/#breadcrumb"},"inLanguage":"fr-FR","potentialAction":[{"@type":"ReadAction","target":["https:\/\/tatataaaaa.com\/newklima\/le-gout-de-paul-virilio-pour-la-parole-penultieme\/"]}]},{"@type":"ImageObject","inLanguage":"fr-FR","@id":"https:\/\/tatataaaaa.com\/newklima\/le-gout-de-paul-virilio-pour-la-parole-penultieme\/#primaryimage","url":"https:\/\/tatataaaaa.com\/newklima\/wp-content\/uploads\/2019\/03\/La-Rochelle-scaled.jpg","contentUrl":"https:\/\/tatataaaaa.com\/newklima\/wp-content\/uploads\/2019\/03\/La-Rochelle-scaled.jpg","width":2560,"height":1696},{"@type":"BreadcrumbList","@id":"https:\/\/tatataaaaa.com\/newklima\/le-gout-de-paul-virilio-pour-la-parole-penultieme\/#breadcrumb","itemListElement":[{"@type":"ListItem","position":1,"name":"Home","item":"https:\/\/tatataaaaa.com\/newklima\/"},{"@type":"ListItem","position":2,"name":"La\u00a0parole p\u00e9nulti\u00e8me"}]},{"@type":"WebSite","@id":"https:\/\/tatataaaaa.com\/newklima\/#website","url":"https:\/\/tatataaaaa.com\/newklima\/","name":"Atelier Klima","description":"Adaptation littorale au changement climatique","publisher":{"@id":"https:\/\/tatataaaaa.com\/newklima\/#organization"},"potentialAction":[{"@type":"SearchAction","target":{"@type":"EntryPoint","urlTemplate":"https:\/\/tatataaaaa.com\/newklima\/?s={search_term_string}"},"query-input":{"@type":"PropertyValueSpecification","valueRequired":true,"valueName":"search_term_string"}}],"inLanguage":"fr-FR"},{"@type":"Organization","@id":"https:\/\/tatataaaaa.com\/newklima\/#organization","name":"Atelier Klima","url":"https:\/\/tatataaaaa.com\/newklima\/","logo":{"@type":"ImageObject","inLanguage":"fr-FR","@id":"https:\/\/tatataaaaa.com\/newklima\/#\/schema\/logo\/image\/","url":"https:\/\/tatataaaaa.com\/newklima\/wp-content\/uploads\/2019\/03\/klima-ong-favicon.gif","contentUrl":"https:\/\/tatataaaaa.com\/newklima\/wp-content\/uploads\/2019\/03\/klima-ong-favicon.gif","width":512,"height":512,"caption":"Atelier Klima"},"image":{"@id":"https:\/\/tatataaaaa.com\/newklima\/#\/schema\/logo\/image\/"},"sameAs":["https:\/\/x.com\/Klima_ONG","https:\/\/www.instagram.com\/sophiedulau\/"]},{"@type":"Person","@id":"https:\/\/tatataaaaa.com\/newklima\/#\/schema\/person\/3e32529b1d34ba453e23acdffb3fe7bc","name":"Paolo Fabbri","image":{"@type":"ImageObject","inLanguage":"fr-FR","@id":"https:\/\/tatataaaaa.com\/newklima\/#\/schema\/person\/image\/","url":"https:\/\/secure.gravatar.com\/avatar\/c70fd7f4cf0823e88cd8e7d0f34bdda2?s=96&d=mm&r=g","contentUrl":"https:\/\/secure.gravatar.com\/avatar\/c70fd7f4cf0823e88cd8e7d0f34bdda2?s=96&d=mm&r=g","caption":"Paolo Fabbri"},"description":"Paolo Fabbri est un s\u00e9mioticien italien contemporain, professeur \u00e0 l\u2019universit\u00e9 de Bologne. Il a dirig\u00e9 l\u2019Istituto italiano di cultura de Paris (1992-1996). Il a \u00e9galement enseign\u00e9 aux universit\u00e9s de Florence, Urbino, Palerme, \u00e0 l\u2019\u00c9cole des hautes \u00e9tudes en sciences sociales et au Coll\u00e8ge international de philosophie, ainsi qu\u2019aux \u00c9tats-Unis, en Australie, au\u00a0Canada, en Espagne, au Br\u00e9sil et en Argentine. Il a \u00e9t\u00e9 professeur \u00e0 la Facolt\u00e0 di Arte e Design, IUAV, Universit\u00e9 de Venise.","url":"https:\/\/tatataaaaa.com\/newklima\/author\/paolo-fabbri\/"}]}},"_links":{"self":[{"href":"https:\/\/tatataaaaa.com\/newklima\/wp-json\/wp\/v2\/posts\/460","targetHints":{"allow":["GET"]}}],"collection":[{"href":"https:\/\/tatataaaaa.com\/newklima\/wp-json\/wp\/v2\/posts"}],"about":[{"href":"https:\/\/tatataaaaa.com\/newklima\/wp-json\/wp\/v2\/types\/post"}],"author":[{"embeddable":true,"href":"https:\/\/tatataaaaa.com\/newklima\/wp-json\/wp\/v2\/users\/14"}],"replies":[{"embeddable":true,"href":"https:\/\/tatataaaaa.com\/newklima\/wp-json\/wp\/v2\/comments?post=460"}],"version-history":[{"count":4,"href":"https:\/\/tatataaaaa.com\/newklima\/wp-json\/wp\/v2\/posts\/460\/revisions"}],"predecessor-version":[{"id":605,"href":"https:\/\/tatataaaaa.com\/newklima\/wp-json\/wp\/v2\/posts\/460\/revisions\/605"}],"wp:featuredmedia":[{"embeddable":true,"href":"https:\/\/tatataaaaa.com\/newklima\/wp-json\/wp\/v2\/media\/463"}],"wp:attachment":[{"href":"https:\/\/tatataaaaa.com\/newklima\/wp-json\/wp\/v2\/media?parent=460"}],"wp:term":[{"taxonomy":"category","embeddable":true,"href":"https:\/\/tatataaaaa.com\/newklima\/wp-json\/wp\/v2\/categories?post=460"},{"taxonomy":"post_tag","embeddable":true,"href":"https:\/\/tatataaaaa.com\/newklima\/wp-json\/wp\/v2\/tags?post=460"}],"curies":[{"name":"wp","href":"https:\/\/api.w.org\/{rel}","templated":true}]}}