{"id":422,"date":"2019-03-27T13:58:16","date_gmt":"2019-03-27T13:58:16","guid":{"rendered":"https:\/\/tatataaaaa.com\/newklima\/?p=422"},"modified":"2023-03-15T10:54:17","modified_gmt":"2023-03-15T10:54:17","slug":"le-vocabulaire-du-littoral-les-mots-pour-le-lire","status":"publish","type":"post","link":"https:\/\/tatataaaaa.com\/newklima\/le-vocabulaire-du-littoral-les-mots-pour-le-lire\/","title":{"rendered":"Le bunker dans le vocabulaire du littoral"},"content":{"rendered":"<p class=\"p1\">Une commande, un livre, un ouvrage, un projet interminist\u00e9riel, un souhait, un challenge, un&nbsp;d\u00e9fi. Puis une obsession, un devoir \u00e0 faire, une collecte de mots, un panier de termes, une&nbsp;\u00e9puisette linguistique, jeux de glossaires et&nbsp;jeux de mots. Et des envies de mer et de&nbsp;grains.<\/p>\n<p class=\"p1\">Voil\u00e0 comment se d\u00e9cline aujourd\u2019hui l\u2019Engagement 104, mesure  \u00ab&nbsp;h&nbsp;\u00bb du livre bleu du&nbsp;Grenelle de la Mer&nbsp;: \u00e9laborer un vocabulaire commun pour les acteurs et tout lecteur, pour mieux partager l\u2019espace littoral, espace rare, fragile et convoit\u00e9. Inscrit depuis 2015 dans les&nbsp;objectifs de la mission de l\u2019Inventaire g\u00e9n\u00e9ral du patrimoine culturel au sein de la collection des  \u00ab&nbsp;Principes d\u2019analyse scientifique&nbsp;\u00bb, ainsi que dans la Strat\u00e9gie nationale de gestion int\u00e9gr\u00e9e du trait de c\u00f4te, le projet r\u00e9pond \u00e0 une demande interminist\u00e9rielle forte. \u00c9crire le littoral, ins\u00e9rer cette r\u00e9daction dans le souci m\u00e9thodologique propre \u00e0 l\u2019Inventaire&nbsp;: d\u00e9finir avec exactitude, au&nbsp;sein d\u2019un espace identifi\u00e9, les termes utilis\u00e9s tant dans la d\u00e9signation des objets qui le&nbsp;composent, des&nbsp;sites qui le fa\u00e7onnent, que dans la&nbsp;description des biens patrimoniaux, mat\u00e9riels ou immat\u00e9riels. Ni dictionnaire, ni&nbsp;lexique, ni&nbsp;glossaire, le  \u00ab&nbsp;Vocabulaire du littoral&nbsp;\u00bb se veut un ouvrage ouvert, large, po\u00e9tique et prometteur d\u2019un littoral vertueux.<\/p>\n<h2 class=\"p3\"><b>1 492 termes dont 1<\/b><\/h2>\n<p class=\"p1\"><span class=\"s1\">Lorsque le  \u00ab&nbsp;Vocabulaire du littoral&nbsp;\u00bb s\u2019est mis en marche, l\u2019\u0153uvre de Paul Virilio a surgi rapidement, son \u0153il, ses mots, sa posture, ses&nbsp;images. Le&nbsp;bunker, blockhaus, casemate, dans sa min\u00e9ralit\u00e9, figure majeure, grise, graniteuse et b\u00e9tonneuse s\u2019est impos\u00e9 comme premier terme \u00e0 consonance \u00e9trang\u00e8re, rapidement suivi de&nbsp;shorre, slikke, slipway, paddle\u2026<\/span><\/p>\n<p class=\"p1\">Dans ce brouhaha des 1 492 termes qui font littoral, les mots de la d\u00e9fense c\u00f4ti\u00e8re forment chapitre. S\u2019encastrant dans un&nbsp;sommaire d\u00e9clinant formes et usages du Littoral, \u00ab&nbsp;La&nbsp;d\u00e9fense des c\u00f4tes&nbsp;\u00bb associe g\u00e9nie civil et g\u00e9nie militaire. Le bunker y pose une&nbsp;ligne, une&nbsp;masse.  \u00ab&nbsp;Arme d\u2019obstruction&nbsp;\u00bb au&nbsp;m\u00eame titre que les remparts, les blindages et le casque, le bunker se diff\u00e9rencie selon Paul Virilio de deux autres types d\u2019armes,  \u00ab&nbsp;les armes de&nbsp;destruction (les couteaux, les&nbsp;fl\u00e8ches, les canons, les missiles) et les&nbsp;armes de communication (des espions et des&nbsp;signaux de&nbsp;fum\u00e9e aux satellites espions ou de&nbsp;retransmission de t\u00e9l\u00e9vision)&nbsp;\u00bb.<\/p>\n<p class=\"p1\">Mot de papier sur page de guerre, le terme se&nbsp;range aujourd\u2019hui, entre Casemate et Station radar de surveillance. Un patrimoine tout en&nbsp;force, dont Paul Virilio en avait t\u00f4t d\u00e9cel\u00e9 formes, rondeurs, angles, ombres et esth\u00e9tique, le\u00e7on d\u2019architecture et coiffe protectrice. Point d\u2019agrafe sur le trait de c\u00f4te du littoral, le bunker d\u00e9cline \u00e0 l\u2019envi ce qu\u2019il aimait&nbsp;:  \u00ab&nbsp;ce rapport \u00e0&nbsp;l\u2019horizon et au point de fuite, n\u00e9 de l\u2019optique et de l\u2019appr\u00e9hension g\u00e9om\u00e9trique des rayons lumineux&nbsp;\u00bb.<\/p>\n\n\t\t<style type=\"text\/css\">\n\t\t\t#gallery-1 {\n\t\t\t\tmargin: auto;\n\t\t\t}\n\t\t\t#gallery-1 .gallery-item {\n\t\t\t\tfloat: left;\n\t\t\t\tmargin-top: 10px;\n\t\t\t\ttext-align: center;\n\t\t\t\twidth: 33%;\n\t\t\t}\n\t\t\t#gallery-1 img {\n\t\t\t\tborder: 2px solid #cfcfcf;\n\t\t\t}\n\t\t\t#gallery-1 .gallery-caption {\n\t\t\t\tmargin-left: 0;\n\t\t\t}\n\t\t\t\/* see gallery_shortcode() in wp-includes\/media.php *\/\n\t\t<\/style>\n\t\t<div id='gallery-1' class='gallery galleryid-422 gallery-columns-3 gallery-size-medium'><dl class='gallery-item'>\n\t\t\t<dt class='gallery-icon landscape'>\n\t\t\t\t<a href='https:\/\/tatataaaaa.com\/newklima\/wp-content\/uploads\/2019\/03\/PV_Serna_Fig7.jpg'><img loading=\"lazy\" decoding=\"async\" width=\"300\" height=\"225\" src=\"https:\/\/tatataaaaa.com\/newklima\/wp-content\/uploads\/2019\/03\/PV_Serna_Fig7-300x225.jpg\" class=\"attachment-medium size-medium\" alt=\"\" srcset=\"https:\/\/tatataaaaa.com\/newklima\/wp-content\/uploads\/2019\/03\/PV_Serna_Fig7-300x225.jpg 300w, https:\/\/tatataaaaa.com\/newklima\/wp-content\/uploads\/2019\/03\/PV_Serna_Fig7-768x576.jpg 768w, https:\/\/tatataaaaa.com\/newklima\/wp-content\/uploads\/2019\/03\/PV_Serna_Fig7-1024x768.jpg 1024w\" sizes=\"auto, (max-width: 300px) 100vw, 300px\" \/><\/a>\n\t\t\t<\/dt><\/dl><dl class='gallery-item'>\n\t\t\t<dt class='gallery-icon landscape'>\n\t\t\t\t<a href='https:\/\/tatataaaaa.com\/newklima\/wp-content\/uploads\/2019\/03\/PV_Serna_Fig3.jpg'><img loading=\"lazy\" decoding=\"async\" width=\"300\" height=\"225\" src=\"https:\/\/tatataaaaa.com\/newklima\/wp-content\/uploads\/2019\/03\/PV_Serna_Fig3-300x225.jpg\" class=\"attachment-medium size-medium\" alt=\"\" srcset=\"https:\/\/tatataaaaa.com\/newklima\/wp-content\/uploads\/2019\/03\/PV_Serna_Fig3-300x225.jpg 300w, https:\/\/tatataaaaa.com\/newklima\/wp-content\/uploads\/2019\/03\/PV_Serna_Fig3-768x576.jpg 768w, https:\/\/tatataaaaa.com\/newklima\/wp-content\/uploads\/2019\/03\/PV_Serna_Fig3-1024x768.jpg 1024w, https:\/\/tatataaaaa.com\/newklima\/wp-content\/uploads\/2019\/03\/PV_Serna_Fig3.jpg 1600w\" sizes=\"auto, (max-width: 300px) 100vw, 300px\" \/><\/a>\n\t\t\t<\/dt><\/dl><dl class='gallery-item'>\n\t\t\t<dt class='gallery-icon landscape'>\n\t\t\t\t<a href='https:\/\/tatataaaaa.com\/newklima\/wp-content\/uploads\/2019\/03\/PV_Serna_Fig1.jpg'><img loading=\"lazy\" decoding=\"async\" width=\"300\" height=\"225\" src=\"https:\/\/tatataaaaa.com\/newklima\/wp-content\/uploads\/2019\/03\/PV_Serna_Fig1-300x225.jpg\" class=\"attachment-medium size-medium\" alt=\"\" srcset=\"https:\/\/tatataaaaa.com\/newklima\/wp-content\/uploads\/2019\/03\/PV_Serna_Fig1-300x225.jpg 300w, https:\/\/tatataaaaa.com\/newklima\/wp-content\/uploads\/2019\/03\/PV_Serna_Fig1-768x576.jpg 768w, https:\/\/tatataaaaa.com\/newklima\/wp-content\/uploads\/2019\/03\/PV_Serna_Fig1-1024x768.jpg 1024w, https:\/\/tatataaaaa.com\/newklima\/wp-content\/uploads\/2019\/03\/PV_Serna_Fig1.jpg 1600w\" sizes=\"auto, (max-width: 300px) 100vw, 300px\" \/><\/a>\n\t\t\t<\/dt><\/dl><br style=\"clear: both\" \/>\n\t\t<\/div>\n\n<p>&nbsp;<\/p>\n<h2 class=\"p3\"><b>De consonance \u00e9trang\u00e8re<\/b><\/h2>\n<p class=\"p1\">Ainsi rang\u00e9, en terme descripteur, le terme d\u00e9ploie sous sa typographie en&nbsp;lettres capitales noires (niveau 1 oblige) une&nbsp;d\u00e9finition, un&nbsp;commentaire, un historique et une&nbsp;\u00e9tymologie.<\/p>\n<p class=\"p1\">BUNKER \u2013 n.m., R\u00e9duit fortifi\u00e9 et enterr\u00e9, \u00e0&nbsp;l\u2019abri des projectiles de guerre.<\/p>\n<p class=\"p1\"><i>De l\u2019allemand Bunker, lui-m\u00eame emprunt\u00e9, au XIXe si\u00e8cle, \u00e0 l\u2019anglais bunker  \u00ab&nbsp;entrep\u00f4t \u00e0 charbon dans une&nbsp;usine, soute \u00e0 charbon dans un navire&nbsp;\u00bb, le bunker devient la  \u00ab&nbsp;soute o\u00f9 dorment les marins&nbsp;\u00bb puis \u00ab&nbsp;soute&nbsp;\u00bb puis  \u00ab&nbsp;entrep\u00f4t&nbsp;\u00bb, r\u00e9emprunt\u00e9 \u00e0 l\u2019allemand au sens militaire. (allem. Soute) casemate ou abri (aujourd\u2019hui en&nbsp;b\u00e9ton arm\u00e9) servant de protection contre les tirs d\u2019artillerie et les attaques a\u00e9riennes. <\/i><i>[Dictionnaire Hachette 1993].<\/i><\/p>\n<p class=\"p1\"><i>Le terme Blockhaus (allem. Block&nbsp;: bille de bois, Haus&nbsp;: maison) est \u00e9galement employ\u00e9&nbsp;: fortification militaire, construite en bois ou en pierre, comptant g\u00e9n\u00e9ralement quatre c\u00f4t\u00e9s ou plus, servant de poste strat\u00e9gique ou d\u2019observation \u00e0 une petite garnison. <\/i><i>[Encyclop\u00e9die Encarta, CD-Rom 1998].<\/i><\/p>\n<p class=\"p1\">Il se situe sous le terme CASEMATE N. f.<\/p>\n<p class=\"p1\"><i>Dans la fortification classique et moderne, chambre vo\u00fbt\u00e9e \u00e0 l\u2019\u00e9preuve des tirs. Une casemate, \u00e9galement appel\u00e9e bunker ou blockhaus, est un local, souvent partiellement enterr\u00e9, d\u2019une fortification, d\u2019un fort voire d\u2019une tranch\u00e9e. Suivent alors, en petites capitales bleues d\u2019autres termes formant cohorte descendante, petite arm\u00e9e s\u00e9mantique, ghilde de biens culturels, horde de&nbsp;ma\u00e7onneries, \u00e0 leur tour grises, granuleuses, ferrailleuses et b\u00e9tonneuses&nbsp;: mur antichar, cheval de&nbsp;frise, h\u00e9risson tch\u00e8que, t\u00e9tra\u00e8dre anti-d\u00e9barquement, porte belge, asperge de Rommel\u2026 Autant d\u2019\u00e9l\u00e9ments qui inclinent leurs formes martiales sur un territoire de&nbsp;sable.<\/i><\/p>\n<h2 class=\"p3\"><b>Architecture du littoral<\/b><\/h2>\n<p class=\"p1\"><span class=\"s1\">En image, le bunker saute aux yeux, littoralement (sic&nbsp;!). Il appuie sa carcasse sur le sable mouill\u00e9, d\u00e9coupe l\u2019horizon. Vide et plein, massif et&nbsp;simple, construit dans un but pr\u00e9cis, architecture de&nbsp;guerre, il ne d\u00e9guise pas son histoire. Caillou g\u00e9ant, amer, cairn, mur d\u2019escalade, point d\u2019horizon, lieu de m\u00e9moire, niche \u00e9cologique, \u00e9tape de&nbsp;randonn\u00e9e, indicatif culturel, le bunker se partage, se d\u00e9partage, \u00e9clabousse en \u00e9toile, rebondit et d\u00e9pose sa carcasse dans d\u2019autres domaines. Point solide, il montre la guerre en&nbsp;temps r\u00e9el, dans une profondeur de champ \u00e9tonnante que permet la plage. Il raconte un&nbsp;autre littoral que celui de la vill\u00e9giature. Masse lourde sur le trait de c\u00f4te, il en accompagne le&nbsp;changement, se fait alt\u00e9ration de falaise, rejet et d\u00e9bris, \u00e9boulis monstrueux. Il \u00e9rige, en six lettres, un&nbsp;monde littoral \u00e0 la renverse. Inversion du grain de sable, antinomie de la Villa baln\u00e9aire, belv\u00e9d\u00e8re \u00e0 sa&nbsp;fa\u00e7on, digue \u00e0 sa mani\u00e8re, ganivelle d\u2019un autre temps, \u00e9cueil et rocher peint, nasse \u00e0&nbsp;crabes et \u00e0&nbsp;tourteaux, yacht-clubs pour certains, lazaret pour d\u2019autres, le bunker reste un point sur le littoral \u00e0&nbsp;jamais signal\u00e9 par Paul Virilio. <\/span><\/p>\n","protected":false},"excerpt":{"rendered":"<p>Dans le cadre de la r\u00e9daction du Vocabulaire du littoral, la conservatrice du patrimoine Virginie Serna revient sur cet \u00e9trange mot : Bunker.<\/p>\n","protected":false},"author":11,"featured_media":428,"comment_status":"closed","ping_status":"closed","sticky":false,"template":"","format":"standard","meta":{"footnotes":""},"categories":[1],"tags":[],"class_list":["post-422","post","type-post","status-publish","format-standard","has-post-thumbnail","hentry","category-articles"],"yoast_head":"<!-- This site is optimized with the Yoast SEO plugin v24.2 - https:\/\/yoast.com\/wordpress\/plugins\/seo\/ -->\n<title>Le bunker dans le vocabulaire du littoral<\/title>\n<meta name=\"robots\" content=\"index, follow, max-snippet:-1, max-image-preview:large, max-video-preview:-1\" \/>\n<link rel=\"canonical\" href=\"https:\/\/tatataaaaa.com\/newklima\/le-vocabulaire-du-littoral-les-mots-pour-le-lire\/\" \/>\n<meta property=\"og:locale\" content=\"fr_FR\" \/>\n<meta property=\"og:type\" content=\"article\" \/>\n<meta property=\"og:title\" content=\"Le bunker dans le vocabulaire du littoral\" \/>\n<meta property=\"og:description\" content=\"Dans le cadre de la r\u00e9daction du Vocabulaire du littoral, la conservatrice du patrimoine Virginie Serna revient sur cet \u00e9trange mot : Bunker.\" \/>\n<meta property=\"og:url\" content=\"https:\/\/tatataaaaa.com\/newklima\/le-vocabulaire-du-littoral-les-mots-pour-le-lire\/\" \/>\n<meta property=\"og:site_name\" content=\"Atelier Klima\" \/>\n<meta property=\"article:published_time\" content=\"2019-03-27T13:58:16+00:00\" \/>\n<meta property=\"article:modified_time\" content=\"2023-03-15T10:54:17+00:00\" \/>\n<meta property=\"og:image\" content=\"https:\/\/tatataaaaa.com\/newklima\/wp-content\/uploads\/2019\/03\/PV_Serna_Fig6-scaled.jpg\" \/>\n\t<meta property=\"og:image:width\" content=\"2560\" \/>\n\t<meta property=\"og:image:height\" content=\"1703\" \/>\n\t<meta property=\"og:image:type\" content=\"image\/jpeg\" \/>\n<meta name=\"author\" content=\"Virginie Serna\" \/>\n<meta name=\"twitter:card\" content=\"summary_large_image\" \/>\n<meta name=\"twitter:creator\" content=\"@Klima_ONG\" \/>\n<meta name=\"twitter:site\" content=\"@Klima_ONG\" \/>\n<meta name=\"twitter:label1\" content=\"\u00c9crit par\" \/>\n\t<meta name=\"twitter:data1\" content=\"Virginie Serna\" \/>\n\t<meta name=\"twitter:label2\" content=\"Dur\u00e9e de lecture estim\u00e9e\" \/>\n\t<meta name=\"twitter:data2\" content=\"5 minutes\" \/>\n<script type=\"application\/ld+json\" class=\"yoast-schema-graph\">{\"@context\":\"https:\/\/schema.org\",\"@graph\":[{\"@type\":\"Article\",\"@id\":\"https:\/\/tatataaaaa.com\/newklima\/le-vocabulaire-du-littoral-les-mots-pour-le-lire\/#article\",\"isPartOf\":{\"@id\":\"https:\/\/tatataaaaa.com\/newklima\/le-vocabulaire-du-littoral-les-mots-pour-le-lire\/\"},\"author\":{\"name\":\"Virginie Serna\",\"@id\":\"https:\/\/tatataaaaa.com\/newklima\/#\/schema\/person\/3b468b33b52aee41aeef4ca577eaac09\"},\"headline\":\"Le bunker dans le vocabulaire du littoral\",\"datePublished\":\"2019-03-27T13:58:16+00:00\",\"dateModified\":\"2023-03-15T10:54:17+00:00\",\"mainEntityOfPage\":{\"@id\":\"https:\/\/tatataaaaa.com\/newklima\/le-vocabulaire-du-littoral-les-mots-pour-le-lire\/\"},\"wordCount\":1048,\"publisher\":{\"@id\":\"https:\/\/tatataaaaa.com\/newklima\/#organization\"},\"image\":{\"@id\":\"https:\/\/tatataaaaa.com\/newklima\/le-vocabulaire-du-littoral-les-mots-pour-le-lire\/#primaryimage\"},\"thumbnailUrl\":\"https:\/\/tatataaaaa.com\/newklima\/wp-content\/uploads\/2019\/03\/PV_Serna_Fig6-scaled.jpg\",\"articleSection\":[\"Articles\"],\"inLanguage\":\"fr-FR\"},{\"@type\":\"WebPage\",\"@id\":\"https:\/\/tatataaaaa.com\/newklima\/le-vocabulaire-du-littoral-les-mots-pour-le-lire\/\",\"url\":\"https:\/\/tatataaaaa.com\/newklima\/le-vocabulaire-du-littoral-les-mots-pour-le-lire\/\",\"name\":\"Le bunker dans le vocabulaire du littoral\",\"isPartOf\":{\"@id\":\"https:\/\/tatataaaaa.com\/newklima\/#website\"},\"primaryImageOfPage\":{\"@id\":\"https:\/\/tatataaaaa.com\/newklima\/le-vocabulaire-du-littoral-les-mots-pour-le-lire\/#primaryimage\"},\"image\":{\"@id\":\"https:\/\/tatataaaaa.com\/newklima\/le-vocabulaire-du-littoral-les-mots-pour-le-lire\/#primaryimage\"},\"thumbnailUrl\":\"https:\/\/tatataaaaa.com\/newklima\/wp-content\/uploads\/2019\/03\/PV_Serna_Fig6-scaled.jpg\",\"datePublished\":\"2019-03-27T13:58:16+00:00\",\"dateModified\":\"2023-03-15T10:54:17+00:00\",\"breadcrumb\":{\"@id\":\"https:\/\/tatataaaaa.com\/newklima\/le-vocabulaire-du-littoral-les-mots-pour-le-lire\/#breadcrumb\"},\"inLanguage\":\"fr-FR\",\"potentialAction\":[{\"@type\":\"ReadAction\",\"target\":[\"https:\/\/tatataaaaa.com\/newklima\/le-vocabulaire-du-littoral-les-mots-pour-le-lire\/\"]}]},{\"@type\":\"ImageObject\",\"inLanguage\":\"fr-FR\",\"@id\":\"https:\/\/tatataaaaa.com\/newklima\/le-vocabulaire-du-littoral-les-mots-pour-le-lire\/#primaryimage\",\"url\":\"https:\/\/tatataaaaa.com\/newklima\/wp-content\/uploads\/2019\/03\/PV_Serna_Fig6-scaled.jpg\",\"contentUrl\":\"https:\/\/tatataaaaa.com\/newklima\/wp-content\/uploads\/2019\/03\/PV_Serna_Fig6-scaled.jpg\",\"width\":2560,\"height\":1703,\"caption\":\"Plage de galets sur la cote a Cayeux-sur-Mer Picardie\"},{\"@type\":\"BreadcrumbList\",\"@id\":\"https:\/\/tatataaaaa.com\/newklima\/le-vocabulaire-du-littoral-les-mots-pour-le-lire\/#breadcrumb\",\"itemListElement\":[{\"@type\":\"ListItem\",\"position\":1,\"name\":\"Home\",\"item\":\"https:\/\/tatataaaaa.com\/newklima\/\"},{\"@type\":\"ListItem\",\"position\":2,\"name\":\"Le bunker dans le vocabulaire du littoral\"}]},{\"@type\":\"WebSite\",\"@id\":\"https:\/\/tatataaaaa.com\/newklima\/#website\",\"url\":\"https:\/\/tatataaaaa.com\/newklima\/\",\"name\":\"Atelier Klima\",\"description\":\"Adaptation littorale au changement climatique\",\"publisher\":{\"@id\":\"https:\/\/tatataaaaa.com\/newklima\/#organization\"},\"potentialAction\":[{\"@type\":\"SearchAction\",\"target\":{\"@type\":\"EntryPoint\",\"urlTemplate\":\"https:\/\/tatataaaaa.com\/newklima\/?s={search_term_string}\"},\"query-input\":{\"@type\":\"PropertyValueSpecification\",\"valueRequired\":true,\"valueName\":\"search_term_string\"}}],\"inLanguage\":\"fr-FR\"},{\"@type\":\"Organization\",\"@id\":\"https:\/\/tatataaaaa.com\/newklima\/#organization\",\"name\":\"Atelier Klima\",\"url\":\"https:\/\/tatataaaaa.com\/newklima\/\",\"logo\":{\"@type\":\"ImageObject\",\"inLanguage\":\"fr-FR\",\"@id\":\"https:\/\/tatataaaaa.com\/newklima\/#\/schema\/logo\/image\/\",\"url\":\"https:\/\/tatataaaaa.com\/newklima\/wp-content\/uploads\/2019\/03\/klima-ong-favicon.gif\",\"contentUrl\":\"https:\/\/tatataaaaa.com\/newklima\/wp-content\/uploads\/2019\/03\/klima-ong-favicon.gif\",\"width\":512,\"height\":512,\"caption\":\"Atelier Klima\"},\"image\":{\"@id\":\"https:\/\/tatataaaaa.com\/newklima\/#\/schema\/logo\/image\/\"},\"sameAs\":[\"https:\/\/x.com\/Klima_ONG\",\"https:\/\/www.instagram.com\/sophiedulau\/\"]},{\"@type\":\"Person\",\"@id\":\"https:\/\/tatataaaaa.com\/newklima\/#\/schema\/person\/3b468b33b52aee41aeef4ca577eaac09\",\"name\":\"Virginie Serna\",\"image\":{\"@type\":\"ImageObject\",\"inLanguage\":\"fr-FR\",\"@id\":\"https:\/\/tatataaaaa.com\/newklima\/#\/schema\/person\/image\/\",\"url\":\"https:\/\/secure.gravatar.com\/avatar\/c315f74ea1caaddaf950c106d260abd9?s=96&d=mm&r=g\",\"contentUrl\":\"https:\/\/secure.gravatar.com\/avatar\/c315f74ea1caaddaf950c106d260abd9?s=96&d=mm&r=g\",\"caption\":\"Virginie Serna\"},\"description\":\"Virginie Serna est arch\u00e9ologue, conservateur en chef du patrimoine, charg\u00e9e de mission \u00e0 la direction g\u00e9n\u00e9rale des patrimoines, minist\u00e8re de\u00a0la\u00a0culture. Son parcours \u2013 CNRS, mus\u00e9e national de la marine, DRAC Centre Val-de-Loire \u2014 lui a permis de\u00a0mener ses recherches sur le bateau, son espace de\u00a0circulation et le paysage fluvial associ\u00e9. Elle veille aujourd\u2019hui aux liens entre Nature et Culture sur\u00a0les territoires de l\u2019Eau (r\u00e9alisation d\u2019un Vocabulaire du littoral, suivi des\u00a0politiques publiques li\u00e9es \u00e0\u00a0l\u2019eau) au\u00a0sein de la Mission de\u00a0l\u2019Inventaire g\u00e9n\u00e9ral du patrimoine culturel.\",\"url\":\"https:\/\/tatataaaaa.com\/newklima\/author\/virginie-serna\/\"}]}<\/script>\n<!-- \/ Yoast SEO plugin. -->","yoast_head_json":{"title":"Le bunker dans le vocabulaire du littoral","robots":{"index":"index","follow":"follow","max-snippet":"max-snippet:-1","max-image-preview":"max-image-preview:large","max-video-preview":"max-video-preview:-1"},"canonical":"https:\/\/tatataaaaa.com\/newklima\/le-vocabulaire-du-littoral-les-mots-pour-le-lire\/","og_locale":"fr_FR","og_type":"article","og_title":"Le bunker dans le vocabulaire du littoral","og_description":"Dans le cadre de la r\u00e9daction du Vocabulaire du littoral, la conservatrice du patrimoine Virginie Serna revient sur cet \u00e9trange mot : Bunker.","og_url":"https:\/\/tatataaaaa.com\/newklima\/le-vocabulaire-du-littoral-les-mots-pour-le-lire\/","og_site_name":"Atelier Klima","article_published_time":"2019-03-27T13:58:16+00:00","article_modified_time":"2023-03-15T10:54:17+00:00","og_image":[{"width":2560,"height":1703,"url":"https:\/\/tatataaaaa.com\/newklima\/wp-content\/uploads\/2019\/03\/PV_Serna_Fig6-scaled.jpg","type":"image\/jpeg"}],"author":"Virginie Serna","twitter_card":"summary_large_image","twitter_creator":"@Klima_ONG","twitter_site":"@Klima_ONG","twitter_misc":{"\u00c9crit par":"Virginie Serna","Dur\u00e9e de lecture estim\u00e9e":"5 minutes"},"schema":{"@context":"https:\/\/schema.org","@graph":[{"@type":"Article","@id":"https:\/\/tatataaaaa.com\/newklima\/le-vocabulaire-du-littoral-les-mots-pour-le-lire\/#article","isPartOf":{"@id":"https:\/\/tatataaaaa.com\/newklima\/le-vocabulaire-du-littoral-les-mots-pour-le-lire\/"},"author":{"name":"Virginie Serna","@id":"https:\/\/tatataaaaa.com\/newklima\/#\/schema\/person\/3b468b33b52aee41aeef4ca577eaac09"},"headline":"Le bunker dans le vocabulaire du littoral","datePublished":"2019-03-27T13:58:16+00:00","dateModified":"2023-03-15T10:54:17+00:00","mainEntityOfPage":{"@id":"https:\/\/tatataaaaa.com\/newklima\/le-vocabulaire-du-littoral-les-mots-pour-le-lire\/"},"wordCount":1048,"publisher":{"@id":"https:\/\/tatataaaaa.com\/newklima\/#organization"},"image":{"@id":"https:\/\/tatataaaaa.com\/newklima\/le-vocabulaire-du-littoral-les-mots-pour-le-lire\/#primaryimage"},"thumbnailUrl":"https:\/\/tatataaaaa.com\/newklima\/wp-content\/uploads\/2019\/03\/PV_Serna_Fig6-scaled.jpg","articleSection":["Articles"],"inLanguage":"fr-FR"},{"@type":"WebPage","@id":"https:\/\/tatataaaaa.com\/newklima\/le-vocabulaire-du-littoral-les-mots-pour-le-lire\/","url":"https:\/\/tatataaaaa.com\/newklima\/le-vocabulaire-du-littoral-les-mots-pour-le-lire\/","name":"Le bunker dans le vocabulaire du littoral","isPartOf":{"@id":"https:\/\/tatataaaaa.com\/newklima\/#website"},"primaryImageOfPage":{"@id":"https:\/\/tatataaaaa.com\/newklima\/le-vocabulaire-du-littoral-les-mots-pour-le-lire\/#primaryimage"},"image":{"@id":"https:\/\/tatataaaaa.com\/newklima\/le-vocabulaire-du-littoral-les-mots-pour-le-lire\/#primaryimage"},"thumbnailUrl":"https:\/\/tatataaaaa.com\/newklima\/wp-content\/uploads\/2019\/03\/PV_Serna_Fig6-scaled.jpg","datePublished":"2019-03-27T13:58:16+00:00","dateModified":"2023-03-15T10:54:17+00:00","breadcrumb":{"@id":"https:\/\/tatataaaaa.com\/newklima\/le-vocabulaire-du-littoral-les-mots-pour-le-lire\/#breadcrumb"},"inLanguage":"fr-FR","potentialAction":[{"@type":"ReadAction","target":["https:\/\/tatataaaaa.com\/newklima\/le-vocabulaire-du-littoral-les-mots-pour-le-lire\/"]}]},{"@type":"ImageObject","inLanguage":"fr-FR","@id":"https:\/\/tatataaaaa.com\/newklima\/le-vocabulaire-du-littoral-les-mots-pour-le-lire\/#primaryimage","url":"https:\/\/tatataaaaa.com\/newklima\/wp-content\/uploads\/2019\/03\/PV_Serna_Fig6-scaled.jpg","contentUrl":"https:\/\/tatataaaaa.com\/newklima\/wp-content\/uploads\/2019\/03\/PV_Serna_Fig6-scaled.jpg","width":2560,"height":1703,"caption":"Plage de galets sur la cote a Cayeux-sur-Mer Picardie"},{"@type":"BreadcrumbList","@id":"https:\/\/tatataaaaa.com\/newklima\/le-vocabulaire-du-littoral-les-mots-pour-le-lire\/#breadcrumb","itemListElement":[{"@type":"ListItem","position":1,"name":"Home","item":"https:\/\/tatataaaaa.com\/newklima\/"},{"@type":"ListItem","position":2,"name":"Le bunker dans le vocabulaire du littoral"}]},{"@type":"WebSite","@id":"https:\/\/tatataaaaa.com\/newklima\/#website","url":"https:\/\/tatataaaaa.com\/newklima\/","name":"Atelier Klima","description":"Adaptation littorale au changement climatique","publisher":{"@id":"https:\/\/tatataaaaa.com\/newklima\/#organization"},"potentialAction":[{"@type":"SearchAction","target":{"@type":"EntryPoint","urlTemplate":"https:\/\/tatataaaaa.com\/newklima\/?s={search_term_string}"},"query-input":{"@type":"PropertyValueSpecification","valueRequired":true,"valueName":"search_term_string"}}],"inLanguage":"fr-FR"},{"@type":"Organization","@id":"https:\/\/tatataaaaa.com\/newklima\/#organization","name":"Atelier Klima","url":"https:\/\/tatataaaaa.com\/newklima\/","logo":{"@type":"ImageObject","inLanguage":"fr-FR","@id":"https:\/\/tatataaaaa.com\/newklima\/#\/schema\/logo\/image\/","url":"https:\/\/tatataaaaa.com\/newklima\/wp-content\/uploads\/2019\/03\/klima-ong-favicon.gif","contentUrl":"https:\/\/tatataaaaa.com\/newklima\/wp-content\/uploads\/2019\/03\/klima-ong-favicon.gif","width":512,"height":512,"caption":"Atelier Klima"},"image":{"@id":"https:\/\/tatataaaaa.com\/newklima\/#\/schema\/logo\/image\/"},"sameAs":["https:\/\/x.com\/Klima_ONG","https:\/\/www.instagram.com\/sophiedulau\/"]},{"@type":"Person","@id":"https:\/\/tatataaaaa.com\/newklima\/#\/schema\/person\/3b468b33b52aee41aeef4ca577eaac09","name":"Virginie Serna","image":{"@type":"ImageObject","inLanguage":"fr-FR","@id":"https:\/\/tatataaaaa.com\/newklima\/#\/schema\/person\/image\/","url":"https:\/\/secure.gravatar.com\/avatar\/c315f74ea1caaddaf950c106d260abd9?s=96&d=mm&r=g","contentUrl":"https:\/\/secure.gravatar.com\/avatar\/c315f74ea1caaddaf950c106d260abd9?s=96&d=mm&r=g","caption":"Virginie Serna"},"description":"Virginie Serna est arch\u00e9ologue, conservateur en chef du patrimoine, charg\u00e9e de mission \u00e0 la direction g\u00e9n\u00e9rale des patrimoines, minist\u00e8re de\u00a0la\u00a0culture. Son parcours \u2013 CNRS, mus\u00e9e national de la marine, DRAC Centre Val-de-Loire \u2014 lui a permis de\u00a0mener ses recherches sur le bateau, son espace de\u00a0circulation et le paysage fluvial associ\u00e9. Elle veille aujourd\u2019hui aux liens entre Nature et Culture sur\u00a0les territoires de l\u2019Eau (r\u00e9alisation d\u2019un Vocabulaire du littoral, suivi des\u00a0politiques publiques li\u00e9es \u00e0\u00a0l\u2019eau) au\u00a0sein de la Mission de\u00a0l\u2019Inventaire g\u00e9n\u00e9ral du patrimoine culturel.","url":"https:\/\/tatataaaaa.com\/newklima\/author\/virginie-serna\/"}]}},"_links":{"self":[{"href":"https:\/\/tatataaaaa.com\/newklima\/wp-json\/wp\/v2\/posts\/422","targetHints":{"allow":["GET"]}}],"collection":[{"href":"https:\/\/tatataaaaa.com\/newklima\/wp-json\/wp\/v2\/posts"}],"about":[{"href":"https:\/\/tatataaaaa.com\/newklima\/wp-json\/wp\/v2\/types\/post"}],"author":[{"embeddable":true,"href":"https:\/\/tatataaaaa.com\/newklima\/wp-json\/wp\/v2\/users\/11"}],"replies":[{"embeddable":true,"href":"https:\/\/tatataaaaa.com\/newklima\/wp-json\/wp\/v2\/comments?post=422"}],"version-history":[{"count":5,"href":"https:\/\/tatataaaaa.com\/newklima\/wp-json\/wp\/v2\/posts\/422\/revisions"}],"predecessor-version":[{"id":596,"href":"https:\/\/tatataaaaa.com\/newklima\/wp-json\/wp\/v2\/posts\/422\/revisions\/596"}],"wp:featuredmedia":[{"embeddable":true,"href":"https:\/\/tatataaaaa.com\/newklima\/wp-json\/wp\/v2\/media\/428"}],"wp:attachment":[{"href":"https:\/\/tatataaaaa.com\/newklima\/wp-json\/wp\/v2\/media?parent=422"}],"wp:term":[{"taxonomy":"category","embeddable":true,"href":"https:\/\/tatataaaaa.com\/newklima\/wp-json\/wp\/v2\/categories?post=422"},{"taxonomy":"post_tag","embeddable":true,"href":"https:\/\/tatataaaaa.com\/newklima\/wp-json\/wp\/v2\/tags?post=422"}],"curies":[{"name":"wp","href":"https:\/\/api.w.org\/{rel}","templated":true}]}}