{"id":142,"date":"2019-03-05T18:44:36","date_gmt":"2019-03-05T18:44:36","guid":{"rendered":"https:\/\/tatataaaaa.com\/newklima\/?p=142"},"modified":"2023-03-15T10:54:35","modified_gmt":"2023-03-15T10:54:35","slug":"retour-sur-un-futur-imaginer-lile-doleron-de-2070","status":"publish","type":"post","link":"https:\/\/tatataaaaa.com\/newklima\/retour-sur-un-futur-imaginer-lile-doleron-de-2070\/","title":{"rendered":"Retour sur un futur"},"content":{"rendered":"\n<p>Il est rare de\nconsacrer cinq mois de sa vie \u00e0 imaginer l\u2019avenir. Rare de prendre le temps de\nse projeter dans un futur lointain afin d&rsquo;en affiner l\u2019image, de tenter de lui\ndonner corps pour pouvoir la communiquer et en d\u00e9battre. Jeunes dipl\u00f4m\u00e9s en\narchitecture, nous avons eu l\u2019opportunit\u00e9 de nous\nconfronter \u00e0 cet exercice gr\u00e2ce \u00e0 une commande pass\u00e9e en septembre&nbsp;2017\nconjointement par le Minist\u00e8re de l \u00e9cologie, de l\u2019environnement et de la mer,\nle Pays Marennes-Ol\u00e9ron et la commune de Dolus d\u2019Ol\u00e9ron au DSA d\u2019architecte urbaniste de l\u2019\u00e9cole de Marne-la-Vall\u00e9e.\nCette \u00e9tude s\u2019inscrit dans la dynamique de l\u2019appel \u00e0 id\u00e9es\n\u00ab&nbsp;Imaginez\nle littoral de demain&nbsp;\u00bb du Minist\u00e8re. Elle a pour objet de participer \u00e0 la\nconstitution d\u2019un imaginaire autour de l\u2019id\u00e9e d\u2019une adaptation au changement\nclimatique per\u00e7ue comme une opportunit\u00e9 de changement positif. La commune de\nDolus d\u2019Ol\u00e9ron s\u2019est port\u00e9e volontaire pour servir de territoire\nd&rsquo;\u00e9tude. Nous \u00e9tions face \u00e0 une question ouverte&nbsp;: imaginez l\u2019avenir de l\u2019\u00eele\nd\u2019Ol\u00e9ron \u00e0 l\u2019horizon 2070.<\/p>\n\n\n\n<p>Nous allons\nrevenir sur ce travail produit en l&rsquo;espace de cinq mois, dans le climat\nstimulant d&rsquo;une \u00e9cole d&rsquo;architecture. Nous avons b\u00e9n\u00e9fici\u00e9 de\nl&rsquo;accompagnement de quatre enseignants d&rsquo;envergure, de l&rsquo;intervention de\nplusieurs sp\u00e9cialistes pour nous \u00e9pauler, ainsi que de l&rsquo;implication et de\nl&rsquo;engagement des commanditaires de cette \u00e9tude. Toutefois, m\u00eame dans ces\nconditions id\u00e9ales, la question ouverte de l&rsquo;avenir lointain d&rsquo;un territoire\ndonne le vertige. Par o\u00f9 commencer&nbsp;? Quelles donn\u00e9es \u00e9conomiques,\nd\u00e9mographiques, technologiques prendre en compte&nbsp;? Comment garder la\nlibert\u00e9 de se projeter dans l\u2019avenir sans tomber dans le fantasme&nbsp;? C&rsquo;est\nune biblioth\u00e8que qui semblait s&rsquo;effondrer sur les trois \u00e9tudiants que nous \u00e9tions.<\/p>\n\n\n\n<p>Voici la m\u00e9thode\nque nous avons adopt\u00e9e pour construire une vision prospective ainsi que les\nintentions qui ont guid\u00e9 notre travail. Tout d&rsquo;abord, c&rsquo;est en enrichissant\nnotre vision du territoire que nous sommes parvenus \u00e0 aborder le probl\u00e8me de la\nmont\u00e9e des eaux. La deuxi\u00e8me \u00e9tape fut de nous emparer du temps long comme du\nsupport d&rsquo;un projet d&rsquo;adaptation \u00e0 la mont\u00e9e du niveau de la mer. Enfin, nous\navons cherch\u00e9 de nouvelles richesses po\u00e9tiques dans l&rsquo;\u00e9paisseur du littoral de\ndemain.<\/p>\n\n\n\n<h2 class=\"wp-block-heading\">Un ph\u00e9nom\u00e8ne identifi\u00e9, de multiples projets d&rsquo;adaptation<\/h2>\n\n\n\n<p>L&rsquo;un des documents principaux dont nous disposions pour envisager l&rsquo;avenir du territoire de l&rsquo;\u00eele d&rsquo;Ol\u00e9ron \u00e9tait la carte du Plan de pr\u00e9vention des risques littoraux (PPRL). Cette carte fixe les r\u00e8gles de constructibilit\u00e9 en fonction du risque de submersion pr\u00e9sent et \u00e0 venir, en anticipant une mont\u00e9e de 60 cm du niveau des eaux. Elle pr\u00e9sente un zonage administratif r\u00e9pondant \u00e0 un r\u00e8glement. Sur un fond de carte IGN en noir et blanc, elle indique les zones concern\u00e9es par un risque de submersion au moyen d&rsquo;explicites taches orang\u00e9es. En \u00e9changeant avec les collectivit\u00e9s territoriales, nous avons constat\u00e9 que ce document a un pouvoir symbolique qui d\u00e9passe sa fonction premi\u00e8re. Elle refl\u00e8te l&rsquo;Avenir. Or, cette carte administrative n&rsquo;a pas vocation \u00e0 \u00eatre descriptive&nbsp;: ni le sol (la g\u00e9ologie, la v\u00e9g\u00e9tation, les activit\u00e9s), ni la topographie, ni le temps (la fr\u00e9quence et la dur\u00e9e de l&rsquo;al\u00e9a, la vitesse de progression de l&rsquo;eau et le temps de ressuyage), ni m\u00eame l&rsquo;eau (la continuit\u00e9 entre la mer et les zones submerg\u00e9es) ne sont repr\u00e9sent\u00e9s. Il nous a sembl\u00e9 que cette repr\u00e9sentation influen\u00e7ait implicitement la philosophie de l&rsquo;action \u00e0 adopter face \u00e0 la mont\u00e9e des eaux. En opposant uniquement les zones submerg\u00e9es en orange, aux zones immerg\u00e9es rest\u00e9es blanches, n&rsquo;invite-t-elle pas \u00e0 contenir, voire \u00e0 faire reculer ces envahissantes taches orang\u00e9es&nbsp;? Si la carte du Plan de pr\u00e9vention invite selon nous \u00e0 une posture d\u00e9fensive face \u00e0 la mont\u00e9e du niveau de la mer, quels documents nous permettraient d&rsquo;imaginer une adaptation au changement climatique&nbsp;?<\/p>\n\n\n\n<p><br>\nLa\nmont\u00e9e du niveau de la mer est un ph\u00e9nom\u00e8ne identifi\u00e9 et les mutations\nn\u00e9cessaires \u00e0 l&rsquo;adaptation mobiliseront toutes les forces en pr\u00e9sence.\nIl est donc n\u00e9cessaire d&rsquo;envisager le territoire sous ses diff\u00e9rents aspects&nbsp;: l&rsquo;espace, mais aussi l&rsquo;\u00e9conomie, la sociologie et la\npsychologie. Pour poser le probl\u00e8me avec suffisamment de richesses afin de\nfaire na\u00eetre des solutions, il est primordial d&rsquo;avoir une approche holistique.\nNous avons cherch\u00e9 \u00e0 adopter cette approche dans la limite de nos comp\u00e9tences\nd&rsquo;architectes. Ainsi, c&rsquo;est en \u00e9largissant notre analyse du territoire \u00e0 celle\nde sa constitution g\u00e9ologique que nous sommes parvenus \u00e0 d\u00e9gager une nouvelle\ngrille de lecture pour comprendre le ph\u00e9nom\u00e8ne de submersion sur l&rsquo;\u00eele d\u2019Ol\u00e9ron.<\/p>\n\n\n\n<p>L&rsquo;\u00e9tude de la g\u00e9ologie\nnous a permis de mettre en \u00e9vidence deux faits. Premi\u00e8rement, que l&rsquo;\u00eele d&rsquo;Ol\u00e9ron\na grandement \u00e9volu\u00e9 au fil des \u00e2ges en fonction des mouvements des s\u00e9diments.\nDeuxi\u00e8mement, que les \u00e9tablissements humains ont su, jusqu&rsquo;aux Trente\nGlorieuses, composer avec cette instabilit\u00e9 du territoire. En effet, les\ncentres historiques des villages, ainsi que la route principale de l&rsquo;\u00eele se\ntrouvent sur un sol calcaire, hors d&rsquo;eau, tandis que les exploitations\nagricoles s\u2019\u00e9taient d\u00e9velopp\u00e9es sur les terres fertiles. Les plaines\nargileuses, humides, submersibles et impropres \u00e0 la culture ont \u00e9t\u00e9 irrigu\u00e9es\nafin de servir au p\u00e2turage ou \u00e0 la saliculture. Quant \u00e0 la dune, espace mobile\net peu fertile, elle fut inutilis\u00e9e jusqu&rsquo;au XIX<sup>e<\/sup>&nbsp;si\u00e8cle. Ce\nn&rsquo;est que dans la seconde moiti\u00e9 du XX<sup>e<\/sup>&nbsp;si\u00e8cle qu&rsquo;a \u00e9t\u00e9 exploit\u00e9e\nl&rsquo;immense r\u00e9serve fonci\u00e8re des terrains \u00e9cart\u00e9s par les g\u00e9n\u00e9rations\npr\u00e9c\u00e9dentes. Ces constructions sont les premi\u00e8res touch\u00e9es par les risques de\nsubmersion \u00e0 venir. En tirant les le\u00e7ons de ce pass\u00e9 riche nous\navons pu fonder un regard critique sur l&rsquo;h\u00e9ritage\nb\u00e2tit\nde ce territoire, et ainsi \u00eatre \u00e0 m\u00eame d&rsquo;envisager des lieux propices \u00e0 des\ninstallations futurs.<\/p>\n\n\n\n<h2 class=\"wp-block-heading\">S&#8217;emparer du temps\nlong comme d&rsquo;un outil de projet<\/h2>\n\n\n\n<p>En se projetant \u00e0 l\u2019horizon\n2100, nous avons pris pour hypoth\u00e8se une mont\u00e9e de\n1 m\u00e8tre\ndu niveau des mers, en nous r\u00e9f\u00e9rant \u00e0 l&rsquo;estimatif du Groupement\nintergouvernemental sur l&rsquo;\u00e9volution du climat (GIEC). Au premier abord, les changements\nmajeurs qu\u2019implique cette mont\u00e9e peuvent para\u00eetre t\u00e9tanisant. Cependant, il\nfaut garder \u00e0 l&rsquo;esprit que ces 80 ann\u00e9es de mont\u00e9e\nprogressive repr\u00e9sentent\nun intervalle de temps important, et qu&rsquo;il est donc possible d\u2019agir. L\u2019enjeu de\nnotre vision prospective \u00e9tait de s&#8217;emparer de cet intervalle de temps afin de\nproposer un projet progressif d&rsquo;adaptation. Nous avons d&rsquo;abord imagin\u00e9 deux sc\u00e9narios\nprospectifs correspondant \u00e0 ce que nous avons appel\u00e9 deux \u00ab&nbsp;attitudes&nbsp;\u00bb,\npouvant \u00eatre adopt\u00e9s face \u00e0 la mont\u00e9e des eaux.<\/p>\n\n\n\n<p>&#8211; Le premier sc\u00e9nario\nest celui d&rsquo;une r\u00e9sistance opini\u00e2tre \u00e0 la mont\u00e9e des eaux. Nous supposons que\nle territoire dispose des fonds suffisants pour mener une politique de\nprotection massive du territoire&nbsp;: fixation du trait de c\u00f4te au moyen\nd&rsquo;enrochement, construction de digues pour contenir l&rsquo;eau en cas d&rsquo;al\u00e9a ou\nencore barrage \u00e0 la submersion permanente de certaines parties du territoire.\nToutefois, sans m\u00eame prendre en compte le prix exorbitant de ces ouvrages, les\nenrochements massifs de la dune perturberaient les mouvements des s\u00e9diments, acc\u00e9l\u00e9rant\nainsi le creusement des parties non prot\u00e9g\u00e9es. Les digues procurent un\nsentiment de s\u00e9curit\u00e9 mais peuvent c\u00e9der,\nentra\u00eenant\ndes dommages encore plus importants. Enfin, une telle artificialisation des c\u00f4tes\nentra\u00eenerait l&rsquo;appauvrissement des paysages et des usages du littoral. Face \u00e0 ce\npremier sc\u00e9nario, nous avons donc point\u00e9 la non-p\u00e9rennit\u00e9 et la contre productivit\u00e9\nd&rsquo;une telle politique d&rsquo;am\u00e9nagement.<\/p>\n\n\n\n<p>&#8211; Le deuxi\u00e8me sc\u00e9nario\nest celui d&rsquo;une politique d\u2019am\u00e9nagement uniquement fond\u00e9e sur le respect du Plan de pr\u00e9vention\ndes risques littoraux, en l&rsquo;absence de projet de territoire \u00e0 long terme. Le\nPPRL autorise la construction 60&nbsp;cm au-dessus du plus fort al\u00e9a de\nsubmersion connu. Les habitants autoris\u00e9s \u00e0 construire juste au-dessus de cette\nc\u00f4te, verraient leur bien sujet \u00e0 la submersion en l&rsquo;espace d&rsquo;une vie humaine.\nNous imaginons alors le m\u00e9contentement de la\npopulation, la perte de valeur des biens immobiliers, leurs abandons, le co\u00fbt\ndes dommages et des indemnisations \u00e9ventuelles. Face \u00e0 une telle situation, les\ncollectivit\u00e9s se verraient contraintes d&rsquo;ouvrir en urgence de nouveau terrains \u00e0\nl&rsquo;urbanisation autour des villages. Une dynamique d&rsquo;urbanisation empress\u00e9e se\nreproduirait, favorisant des formes urbaines g\u00e9n\u00e9riques au d\u00e9triment de la\nqualit\u00e9 du b\u00e2ti et des paysages.<\/p>\n\n\n\n<figure class=\"wp-block-image size-large\"><img loading=\"lazy\" decoding=\"async\" width=\"1024\" height=\"724\" src=\"https:\/\/tatataaaaa.com\/newklima\/wp-content\/uploads\/2019\/03\/DSA-OLERON-5-Mise-en-place-du-processus-de-recul-a\u0300-linte\u0301rieur-des-terres-1024x724.jpg\" alt=\"\" class=\"wp-image-3847\" srcset=\"https:\/\/tatataaaaa.com\/newklima\/wp-content\/uploads\/2019\/03\/DSA-OLERON-5-Mise-en-place-du-processus-de-recul-a\u0300-linte\u0301rieur-des-terres-1024x724.jpg 1024w, https:\/\/tatataaaaa.com\/newklima\/wp-content\/uploads\/2019\/03\/DSA-OLERON-5-Mise-en-place-du-processus-de-recul-a\u0300-linte\u0301rieur-des-terres-300x212.jpg 300w, https:\/\/tatataaaaa.com\/newklima\/wp-content\/uploads\/2019\/03\/DSA-OLERON-5-Mise-en-place-du-processus-de-recul-a\u0300-linte\u0301rieur-des-terres-768x543.jpg 768w, https:\/\/tatataaaaa.com\/newklima\/wp-content\/uploads\/2019\/03\/DSA-OLERON-5-Mise-en-place-du-processus-de-recul-a\u0300-linte\u0301rieur-des-terres-1536x1086.jpg 1536w, https:\/\/tatataaaaa.com\/newklima\/wp-content\/uploads\/2019\/03\/DSA-OLERON-5-Mise-en-place-du-processus-de-recul-a\u0300-linte\u0301rieur-des-terres-2048x1448.jpg 2048w\" sizes=\"auto, (max-width: 1024px) 100vw, 1024px\" \/><\/figure>\n\n\n\n<p>Nous avons fait le\nchoix de deux sc\u00e9narios caricaturaux afin de mettre en \u00e9vidence les probl\u00e8mes\nde durabilit\u00e9s de deux \u00ab&nbsp;attitudes&nbsp;\u00bb, correspondant pour la premi\u00e8re \u00e0\nr\u00e9sister et pour la seconde \u00e0 attendre et \u00e0 se replier en urgence. Ainsi, nous\navons pu concevoir une troisi\u00e8me voie consistant \u00e0 amorcer, d\u00e8s aujourd&rsquo;hui un\nprocessus d&rsquo;adaptation abord\u00e9 comme un projet de territoire. L&rsquo;enjeu de notre\nvision prospective \u00e9tait de s&#8217;emparer des quatre-vingts ann\u00e9es de mont\u00e9e\nprogressive, en rappelant qu&rsquo;elles repr\u00e9sentent un intervalle de temps\nimportant qui laisse de la place \u00e0 l\u2019action<\/p>\n\n\n\n<p>Afin de financer\nce projet, nous avons propos\u00e9 une solution \u00e0 court\nterme&nbsp;:\nconstituer un fond solidaire. Celui-ci serait aliment\u00e9 selon un principe de\ncrowdfunding, soit une participation minime r\u00e9partie sur un grand\nnombre de personnes. Les touristes \u00e9tant nombreux sur ce territoire, ils\nconstitueraient la majorit\u00e9 des donateurs. La fr\u00e9quentation touristique du site\npourrait ainsi devenir un levier de financement pour le territoire. \u00c0 long\nterme, nous avons conseill\u00e9 de reconstituer le cordon dunaire dans son\nfonctionnement naturel, et de le consid\u00e9rer comme le seul \u00e9l\u00e9ment \u00e0 m\u00eame de\nfaire rempart \u00e0 l&rsquo;eau, tout en acceptant l&rsquo;immersion permanente de certaines\nparties du territoire. Restituer le fonctionnement naturel de la dune n\u00e9cessite\nde lui redonner l&rsquo;espace n\u00e9cessaire \u00e0 un syst\u00e8me dunaire complet, comprenant\nune dune fixe et une dune mobile, avec une marge pour son mouvement \u00e9ventuel,\nsoit une trentaine de m\u00e8tres. Ceci implique de d\u00e9construire la route des plages\nainsi que les activit\u00e9s pr\u00e9sentes sur la dune.<\/p>\n\n\n\n<p>Pour y parvenir, nous proposons un projet de transformation progressive combinant une politique de relocalisation et une reconfiguration des infrastructures de mobilit\u00e9&nbsp;:<br><\/p>\n\n\n\n<p>Dans un premier temps, le fond solidaire permettrait de financer la pr\u00e9emption de terrains durablement s\u00fbrs. Les parkings des dunes seraient d\u00e9truits et relocalis\u00e9s en amont, \u00e0 proximit\u00e9 des villages, tandis que la dune serait sanctuaris\u00e9e et plant\u00e9e pour favoriser son engraissement. La route des plages serait dans un m\u00eame temps \u00e9largie, accordant davantage d&rsquo;espaces aux pi\u00e9tons et cyclistes gr\u00e2ce \u00e0 une limitation de la vitesse de circulation des automobiles. <\/p>\n\n\n\n<p>Dans un deuxi\u00e8me temps, une politique incitative de relocalisation permettrait aux habitants d&rsquo;effectuer un \u00e9change de parcelles, gr\u00e2ce aux terrains pr\u00e9c\u00e9demment pr\u00e9empt\u00e9s. Durant l&rsquo;\u00e9t\u00e9, la circulation sur la route des plages serait par ailleurs r\u00e9serv\u00e9e aux navettes et aux riverains.<br><\/p>\n\n\n\n<p>Dans un troisi\u00e8me\ntemps, la route des plages serait d\u00e9construite pour laisser place \u00e0 un petit\ntrain \u00e9lectrique avec une faible emprise au sol, pos\u00e9 sur une structure d\u00e9montable\nafin de pouvoir \u00eatre d\u00e9plac\u00e9e en cas de recul de la dune.<\/p>\n\n\n\n<p>Le phasage de ce\nprojet sur une cinquantaine d&rsquo;ann\u00e9es met donc en coh\u00e9rence des mesures \u00e0 courts\ntermes et des vis\u00e9es \u00e0 long terme.<\/p>\n\n\n\n<h2 class=\"wp-block-heading\">Adapter le regard \u00e0 la mont\u00e9e des eaux<\/h2>\n\n\n\n<p>Enfin, nous avons d\u00e9velopp\u00e9 trois projets d&rsquo;habitation, non dans le but de r\u00e9inventer les formes d&rsquo;habitats, mais dans le but de chercher \u00e0 porter un autre regard sur le paysage littoral. Accepter les transformations qu&rsquo;implique la mont\u00e9e du niveau des mers demande d&rsquo;accepter l&rsquo;\u00e9volution du paysage, et notre rapport esth\u00e9tique \u00e0 celui-ci. En d\u00e9tournant notre regard de la ligne d&rsquo;horizon entre mer et azur pour consid\u00e9rer le littoral comme un milieu \u00e9pais, de la dune au marais, des coquillages aux sangliers, nous serons \u00e0 m\u00eame d&rsquo;inventer une nouvelle esth\u00e9tique du paysage littoral, afin d&rsquo;y puiser de nouvelles richesses po\u00e9tiques. La possibilit\u00e9 de cette \u00e9volution, si difficile \u00e0 communiquer, nous l&rsquo;avons trouv\u00e9 admirablement d\u00e9crite dans un passage de <em>la recherche du temps perdu<\/em>&nbsp;:<\/p>\n\n\n\n<p>\u00ab&nbsp;Cette\nopposition qui alors me frappait temps entre les promenades agrestes que je\nfaisais avec Mme&nbsp;de Villerisis et ce voisinage fluide, inaccessible et\nmythologique, de l&rsquo;Oc\u00e9an \u00e9ternel, n&rsquo;existait plus pour moi. Et certains jours\nla mer me semblait au contraire maintenant presque rurale elle-m\u00eame. Les jours,\nassez rares, de vrai beau temps, la chaleur avait trac\u00e9 sur les eaux, comme \u00e0 travers\nchamps, une route poussi\u00e9reuse et blanche derri\u00e8re laquelle la fine pointe d&rsquo;un\nbateau de p\u00eache d\u00e9passait comme un clocher villageois. Un\nremorqueur dont on ne voyait que la chemin\u00e9e fumait au loin comme une usine \u00e9cart\u00e9e,\ntandis que seul \u00e0 l&rsquo;horizon un carr\u00e9 blanc et bomb\u00e9, peint sans doute par une\nvoile mais qui semblait compact et comme calcaire, faisait penser \u00e0 l&rsquo;angle\nensoleill\u00e9 de quelques b\u00e2timents isol\u00e9s, h\u00f4pital ou \u00e9cole. Et les\nnuages et le vent, les jours o\u00f9 s&rsquo;en ajoutait au soleil,\nparachevaient sinon l&rsquo;erreur du jugement, du moins l&rsquo;illusion du premier\nregard, la suggestion qu&rsquo;il \u00e9veille dans l&rsquo;imagination.&nbsp;\u00bb<\/p>\n\n\n\n<p>Faire \u00e9voluer ce\nregard, c&rsquo;est rendre les changements n\u00e9cessaires non seulement possibles, mais\nd\u00e9sirables. Cette conviction est le fondement de l&rsquo;appel \u00e0\nid\u00e9e \u00ab&nbsp;imaginer le littoral de demain&nbsp;\u00bb, et nous la partageons\npleinement. Nous avons donc imagin\u00e9 habiter trois milieux de ce territoire de\ndemain&nbsp;: habiter\nle bourg, sur la dorsale calcaire, habiter un village, \u00e0 proximit\u00e9 des terres\nfertiles&nbsp;,\nhabiter de mani\u00e8re r\u00e9versible en bordure de marais. Le premier projet propose\nde valoriser des vues lointaines sur le paysage, en installer des habitats\ninterm\u00e9diaires face aux champs, en bordure du bourg de Dolus d&rsquo;Ol\u00e9ron. En\ncontinuit\u00e9 du village de la Perroche, le deuxi\u00e8me projet propose un lotissement de\nlogements individuels dont la densit\u00e9 participe \u00e0 sa\nqualit\u00e9.\nLe troisi\u00e8me projet met en valeur le paysage des marais en installant des\nhabitations l\u00e9g\u00e8res de loisir en bordure du talweg. Conscient que notre \u00e9tude\ndonne avant tout vocation \u00e0 participer \u00e0 cette \u00e9volution du regard nous avons\nchoisi de prendre au mot la consigne de l&rsquo;appel \u00e0 id\u00e9es, et de nous servir de\nnos outils d&rsquo;architectes pour donner \u00e0 voir, pour agir par l&rsquo;image. Nous avons\ndonc produit des images immersives que nous avons voulu attrayantes et\noptimistes, comme des invitations \u00e0 se projeter dans un avenir qu&rsquo;il faut\nencore esp\u00e9rer meilleur.<\/p>\n\n\n\n<h2 class=\"wp-block-heading\">M\u00e9nager de la dune<\/h2>\n\n\n\n<p>La d\u00e9marche prospective apporte un contrepoint essentiel au travail de mod\u00e9lisation de la mont\u00e9e des eaux. Explorer l&rsquo;avenir redonne de la fra\u00eecheur au regard port\u00e9 sur le pr\u00e9sent, et permet d&rsquo;envisager librement les possibilit\u00e9s d&rsquo;adaptation en convoquant les ressources du territoire, tout en osant remettre radicalement en question la situation existante. La m\u00e9thode prospective nous a ainsi autoris\u00e9s \u00e0 penser la d\u00e9construction de la dune, proposant un point de vue qui m\u00e9rite selon nous d&rsquo;\u00eatre pris au s\u00e9rieux. La dune est le grand espace public de l&rsquo;\u00eele, une richesse dont l&rsquo;usage profite \u00e0 tous, un \u00e9l\u00e9ment essentiel de l&rsquo;attractivit\u00e9 touristique, tout en \u00e9tant le premier rempart contre la submersion, et un espace naturel au fonctionnement subtil. Les infrastructures dont nous h\u00e9ritons proc\u00e8dent d&rsquo;une logique d&rsquo;am\u00e9nagement qui n&rsquo;est plus la n\u00f4tre aujourd&rsquo;hui\u00a0: celle d&rsquo;une domination de la nature au service l&rsquo;accessibilit\u00e9 automobile. Or, il est ind\u00e9niable que le sens du progr\u00e8s \u00e0 profond\u00e9ment \u00e9voluer ces cinquante derni\u00e8res ann\u00e9es. La fragilit\u00e9 de la dune sonne aujourd&rsquo;hui comme un rappel \u00e0 l&rsquo;ordre\u00a0: il est impossible de nier son fonctionnement naturel \u00e0 moins d&rsquo;artificialiser l&rsquo;ensemble du trait de c\u00f4te. La protection de la dune nous invite donc \u00e0 adopter une logique d&rsquo;am\u00e9nagement radicalement diff\u00e9rente\u00a0: celle d&rsquo;une compr\u00e9hension du fonctionnement subtil de cet \u00e9cosyst\u00e8me et de l&rsquo;accompagnement de sa reconstitution de mani\u00e8re volontaire sur le temps long. Cette rencontre entre des usages humains et des fonctions \u00e9cologiques essentiels au territoire feront probablement du m\u00e9nagement de la dune le principal sujet politique \u00e0 venir.<\/p>\n\n\n\n<figure class=\"wp-block-image size-large\"><img loading=\"lazy\" decoding=\"async\" width=\"724\" height=\"1024\" src=\"https:\/\/tatataaaaa.com\/newklima\/wp-content\/uploads\/2021\/01\/DSA-OLERON-6-retrouver-le-ro\u0302le-dinfrastructure-paysage\u0300re-de-la-dune--724x1024.jpg\" alt=\"\" class=\"wp-image-3848\" srcset=\"https:\/\/tatataaaaa.com\/newklima\/wp-content\/uploads\/2021\/01\/DSA-OLERON-6-retrouver-le-ro\u0302le-dinfrastructure-paysage\u0300re-de-la-dune--724x1024.jpg 724w, https:\/\/tatataaaaa.com\/newklima\/wp-content\/uploads\/2021\/01\/DSA-OLERON-6-retrouver-le-ro\u0302le-dinfrastructure-paysage\u0300re-de-la-dune--212x300.jpg 212w, https:\/\/tatataaaaa.com\/newklima\/wp-content\/uploads\/2021\/01\/DSA-OLERON-6-retrouver-le-ro\u0302le-dinfrastructure-paysage\u0300re-de-la-dune--768x1086.jpg 768w, https:\/\/tatataaaaa.com\/newklima\/wp-content\/uploads\/2021\/01\/DSA-OLERON-6-retrouver-le-ro\u0302le-dinfrastructure-paysage\u0300re-de-la-dune--1086x1536.jpg 1086w, https:\/\/tatataaaaa.com\/newklima\/wp-content\/uploads\/2021\/01\/DSA-OLERON-6-retrouver-le-ro\u0302le-dinfrastructure-paysage\u0300re-de-la-dune--1448x2048.jpg 1448w, https:\/\/tatataaaaa.com\/newklima\/wp-content\/uploads\/2021\/01\/DSA-OLERON-6-retrouver-le-ro\u0302le-dinfrastructure-paysage\u0300re-de-la-dune--scaled.jpg 1811w\" sizes=\"auto, (max-width: 724px) 100vw, 724px\" \/><\/figure>\n\n\n\n<hr class=\"wp-block-separator\"\/>\n\n\n\n<h3 class=\"wp-block-heading\">Pour en savoir plus&nbsp;:<\/h3>\n\n\n\n<ul class=\"wp-block-list\"><li><a rel=\"noreferrer noopener\" aria-label=\"Voir le site internet du cahier du DSA (s\u2019ouvre dans un nouvel onglet)\" href=\"https:\/\/paris-est.archi.fr\/publications\/cahiers-du-dsa\/preparer-le-littoral-a-la-montee-des-eaux-br-dolus-doleron-comme-laboratoire-dun-amenagement-resilient\" target=\"_blank\">Voir le site internet du cahier du DSA<\/a><\/li><li><a rel=\"noreferrer noopener\" aria-label=\"Voir la pr\u00e9sentation compl\u00e8te du projet (s\u2019ouvre dans un nouvel onglet)\" href=\"https:\/\/en.calameo.com\/read\/003968688dc6a64d29595\" target=\"_blank\">Voir la pr\u00e9sentation compl\u00e8te du projet<\/a><\/li><\/ul>\n\n\n\n<hr class=\"wp-block-separator\"\/>\n","protected":false},"excerpt":{"rendered":"<p>Trois \u00e9tudiants de l&rsquo;\u00c9cole d&rsquo;architecture de Marne-la-Vall\u00e9e ont r\u00e9pondu \u00e0 l\u2019appel \u00e0 id\u00e9es \u00ab Imaginez le littoral de demain \u00bb avec pour terrain d&rsquo;\u00e9tude Dolus-d&rsquo;Ol\u00e9ron.<\/p>\n","protected":false},"author":6,"featured_media":195,"comment_status":"closed","ping_status":"closed","sticky":false,"template":"","format":"standard","meta":{"footnotes":""},"categories":[1],"tags":[],"class_list":["post-142","post","type-post","status-publish","format-standard","has-post-thumbnail","hentry","category-articles"],"yoast_head":"<!-- This site is optimized with the Yoast SEO plugin v24.2 - https:\/\/yoast.com\/wordpress\/plugins\/seo\/ -->\n<title>Retour sur un futur<\/title>\n<meta name=\"robots\" content=\"index, follow, max-snippet:-1, max-image-preview:large, max-video-preview:-1\" \/>\n<link rel=\"canonical\" href=\"https:\/\/tatataaaaa.com\/newklima\/retour-sur-un-futur-imaginer-lile-doleron-de-2070\/\" \/>\n<meta property=\"og:locale\" content=\"fr_FR\" \/>\n<meta property=\"og:type\" content=\"article\" \/>\n<meta property=\"og:title\" content=\"Retour sur un futur\" \/>\n<meta property=\"og:description\" content=\"Trois \u00e9tudiants de l&#039;\u00c9cole d&#039;architecture de Marne-la-Vall\u00e9e ont r\u00e9pondu \u00e0 l\u2019appel \u00e0 id\u00e9es \u00ab Imaginez le littoral de demain \u00bb avec pour terrain d&#039;\u00e9tude Dolus-d&#039;Ol\u00e9ron.\" \/>\n<meta property=\"og:url\" content=\"https:\/\/tatataaaaa.com\/newklima\/retour-sur-un-futur-imaginer-lile-doleron-de-2070\/\" \/>\n<meta property=\"og:site_name\" content=\"Atelier Klima\" \/>\n<meta property=\"article:published_time\" content=\"2019-03-05T18:44:36+00:00\" \/>\n<meta property=\"article:modified_time\" content=\"2023-03-15T10:54:35+00:00\" \/>\n<meta property=\"og:image\" content=\"https:\/\/tatataaaaa.com\/newklima\/wp-content\/uploads\/2019\/03\/Klima_Collections03.jpg\" \/>\n\t<meta property=\"og:image:width\" content=\"1800\" \/>\n\t<meta property=\"og:image:height\" content=\"1196\" \/>\n\t<meta property=\"og:image:type\" content=\"image\/jpeg\" \/>\n<meta name=\"author\" content=\"Hortense Goupil\" \/>\n<meta name=\"twitter:card\" content=\"summary_large_image\" \/>\n<meta name=\"twitter:creator\" content=\"@Klima_ONG\" \/>\n<meta name=\"twitter:site\" content=\"@Klima_ONG\" \/>\n<meta name=\"twitter:label1\" content=\"\u00c9crit par\" \/>\n\t<meta name=\"twitter:data1\" content=\"Hortense Goupil\" \/>\n\t<meta name=\"twitter:label2\" content=\"Dur\u00e9e de lecture estim\u00e9e\" \/>\n\t<meta name=\"twitter:data2\" content=\"14 minutes\" \/>\n<script type=\"application\/ld+json\" class=\"yoast-schema-graph\">{\"@context\":\"https:\/\/schema.org\",\"@graph\":[{\"@type\":\"Article\",\"@id\":\"https:\/\/tatataaaaa.com\/newklima\/retour-sur-un-futur-imaginer-lile-doleron-de-2070\/#article\",\"isPartOf\":{\"@id\":\"https:\/\/tatataaaaa.com\/newklima\/retour-sur-un-futur-imaginer-lile-doleron-de-2070\/\"},\"author\":{\"name\":\"Hortense Goupil\",\"@id\":\"https:\/\/tatataaaaa.com\/newklima\/#\/schema\/person\/1e3333c30716023852de3982ecb706b8\"},\"headline\":\"Retour sur un futur\",\"datePublished\":\"2019-03-05T18:44:36+00:00\",\"dateModified\":\"2023-03-15T10:54:35+00:00\",\"mainEntityOfPage\":{\"@id\":\"https:\/\/tatataaaaa.com\/newklima\/retour-sur-un-futur-imaginer-lile-doleron-de-2070\/\"},\"wordCount\":2900,\"publisher\":{\"@id\":\"https:\/\/tatataaaaa.com\/newklima\/#organization\"},\"image\":{\"@id\":\"https:\/\/tatataaaaa.com\/newklima\/retour-sur-un-futur-imaginer-lile-doleron-de-2070\/#primaryimage\"},\"thumbnailUrl\":\"https:\/\/tatataaaaa.com\/newklima\/wp-content\/uploads\/2019\/03\/Klima_Collections03.jpg\",\"articleSection\":[\"Articles\"],\"inLanguage\":\"fr-FR\"},{\"@type\":\"WebPage\",\"@id\":\"https:\/\/tatataaaaa.com\/newklima\/retour-sur-un-futur-imaginer-lile-doleron-de-2070\/\",\"url\":\"https:\/\/tatataaaaa.com\/newklima\/retour-sur-un-futur-imaginer-lile-doleron-de-2070\/\",\"name\":\"Retour sur un futur\",\"isPartOf\":{\"@id\":\"https:\/\/tatataaaaa.com\/newklima\/#website\"},\"primaryImageOfPage\":{\"@id\":\"https:\/\/tatataaaaa.com\/newklima\/retour-sur-un-futur-imaginer-lile-doleron-de-2070\/#primaryimage\"},\"image\":{\"@id\":\"https:\/\/tatataaaaa.com\/newklima\/retour-sur-un-futur-imaginer-lile-doleron-de-2070\/#primaryimage\"},\"thumbnailUrl\":\"https:\/\/tatataaaaa.com\/newklima\/wp-content\/uploads\/2019\/03\/Klima_Collections03.jpg\",\"datePublished\":\"2019-03-05T18:44:36+00:00\",\"dateModified\":\"2023-03-15T10:54:35+00:00\",\"breadcrumb\":{\"@id\":\"https:\/\/tatataaaaa.com\/newklima\/retour-sur-un-futur-imaginer-lile-doleron-de-2070\/#breadcrumb\"},\"inLanguage\":\"fr-FR\",\"potentialAction\":[{\"@type\":\"ReadAction\",\"target\":[\"https:\/\/tatataaaaa.com\/newklima\/retour-sur-un-futur-imaginer-lile-doleron-de-2070\/\"]}]},{\"@type\":\"ImageObject\",\"inLanguage\":\"fr-FR\",\"@id\":\"https:\/\/tatataaaaa.com\/newklima\/retour-sur-un-futur-imaginer-lile-doleron-de-2070\/#primaryimage\",\"url\":\"https:\/\/tatataaaaa.com\/newklima\/wp-content\/uploads\/2019\/03\/Klima_Collections03.jpg\",\"contentUrl\":\"https:\/\/tatataaaaa.com\/newklima\/wp-content\/uploads\/2019\/03\/Klima_Collections03.jpg\",\"width\":1800,\"height\":1196},{\"@type\":\"BreadcrumbList\",\"@id\":\"https:\/\/tatataaaaa.com\/newklima\/retour-sur-un-futur-imaginer-lile-doleron-de-2070\/#breadcrumb\",\"itemListElement\":[{\"@type\":\"ListItem\",\"position\":1,\"name\":\"Home\",\"item\":\"https:\/\/tatataaaaa.com\/newklima\/\"},{\"@type\":\"ListItem\",\"position\":2,\"name\":\"Retour sur un futur\"}]},{\"@type\":\"WebSite\",\"@id\":\"https:\/\/tatataaaaa.com\/newklima\/#website\",\"url\":\"https:\/\/tatataaaaa.com\/newklima\/\",\"name\":\"Atelier Klima\",\"description\":\"Adaptation littorale au changement climatique\",\"publisher\":{\"@id\":\"https:\/\/tatataaaaa.com\/newklima\/#organization\"},\"potentialAction\":[{\"@type\":\"SearchAction\",\"target\":{\"@type\":\"EntryPoint\",\"urlTemplate\":\"https:\/\/tatataaaaa.com\/newklima\/?s={search_term_string}\"},\"query-input\":{\"@type\":\"PropertyValueSpecification\",\"valueRequired\":true,\"valueName\":\"search_term_string\"}}],\"inLanguage\":\"fr-FR\"},{\"@type\":\"Organization\",\"@id\":\"https:\/\/tatataaaaa.com\/newklima\/#organization\",\"name\":\"Atelier Klima\",\"url\":\"https:\/\/tatataaaaa.com\/newklima\/\",\"logo\":{\"@type\":\"ImageObject\",\"inLanguage\":\"fr-FR\",\"@id\":\"https:\/\/tatataaaaa.com\/newklima\/#\/schema\/logo\/image\/\",\"url\":\"https:\/\/tatataaaaa.com\/newklima\/wp-content\/uploads\/2019\/03\/klima-ong-favicon.gif\",\"contentUrl\":\"https:\/\/tatataaaaa.com\/newklima\/wp-content\/uploads\/2019\/03\/klima-ong-favicon.gif\",\"width\":512,\"height\":512,\"caption\":\"Atelier Klima\"},\"image\":{\"@id\":\"https:\/\/tatataaaaa.com\/newklima\/#\/schema\/logo\/image\/\"},\"sameAs\":[\"https:\/\/x.com\/Klima_ONG\",\"https:\/\/www.instagram.com\/sophiedulau\/\"]},{\"@type\":\"Person\",\"@id\":\"https:\/\/tatataaaaa.com\/newklima\/#\/schema\/person\/1e3333c30716023852de3982ecb706b8\",\"name\":\"Hortense Goupil\",\"image\":{\"@type\":\"ImageObject\",\"inLanguage\":\"fr-FR\",\"@id\":\"https:\/\/tatataaaaa.com\/newklima\/#\/schema\/person\/image\/\",\"url\":\"https:\/\/secure.gravatar.com\/avatar\/1ff4fcbd760158a49536993647d2706d?s=96&d=mm&r=g\",\"contentUrl\":\"https:\/\/secure.gravatar.com\/avatar\/1ff4fcbd760158a49536993647d2706d?s=96&d=mm&r=g\",\"caption\":\"Hortense Goupil\"},\"description\":\"Apre\u0300s une classe pre\u0301paratoire litte\u0301raire, Hortense Goupil obtient une licence a\u0300 l\u2019ENSA Normandie puis inte\u0300gre le Master Me\u0301tropoles pe\u0301dagogiquement dirige\u0301 par David Mangin a\u0300 l\u2019EAVT Marne-la-Valle\u0301e. Elle travaille de\u0301sormais au sein de l\u2019agence de paysage D\u2019ici la\u0300.\",\"url\":\"https:\/\/tatataaaaa.com\/newklima\/author\/hortense-goupil\/\"}]}<\/script>\n<!-- \/ Yoast SEO plugin. -->","yoast_head_json":{"title":"Retour sur un futur","robots":{"index":"index","follow":"follow","max-snippet":"max-snippet:-1","max-image-preview":"max-image-preview:large","max-video-preview":"max-video-preview:-1"},"canonical":"https:\/\/tatataaaaa.com\/newklima\/retour-sur-un-futur-imaginer-lile-doleron-de-2070\/","og_locale":"fr_FR","og_type":"article","og_title":"Retour sur un futur","og_description":"Trois \u00e9tudiants de l'\u00c9cole d'architecture de Marne-la-Vall\u00e9e ont r\u00e9pondu \u00e0 l\u2019appel \u00e0 id\u00e9es \u00ab Imaginez le littoral de demain \u00bb avec pour terrain d'\u00e9tude Dolus-d'Ol\u00e9ron.","og_url":"https:\/\/tatataaaaa.com\/newklima\/retour-sur-un-futur-imaginer-lile-doleron-de-2070\/","og_site_name":"Atelier Klima","article_published_time":"2019-03-05T18:44:36+00:00","article_modified_time":"2023-03-15T10:54:35+00:00","og_image":[{"width":1800,"height":1196,"url":"https:\/\/tatataaaaa.com\/newklima\/wp-content\/uploads\/2019\/03\/Klima_Collections03.jpg","type":"image\/jpeg"}],"author":"Hortense Goupil","twitter_card":"summary_large_image","twitter_creator":"@Klima_ONG","twitter_site":"@Klima_ONG","twitter_misc":{"\u00c9crit par":"Hortense Goupil","Dur\u00e9e de lecture estim\u00e9e":"14 minutes"},"schema":{"@context":"https:\/\/schema.org","@graph":[{"@type":"Article","@id":"https:\/\/tatataaaaa.com\/newklima\/retour-sur-un-futur-imaginer-lile-doleron-de-2070\/#article","isPartOf":{"@id":"https:\/\/tatataaaaa.com\/newklima\/retour-sur-un-futur-imaginer-lile-doleron-de-2070\/"},"author":{"name":"Hortense Goupil","@id":"https:\/\/tatataaaaa.com\/newklima\/#\/schema\/person\/1e3333c30716023852de3982ecb706b8"},"headline":"Retour sur un futur","datePublished":"2019-03-05T18:44:36+00:00","dateModified":"2023-03-15T10:54:35+00:00","mainEntityOfPage":{"@id":"https:\/\/tatataaaaa.com\/newklima\/retour-sur-un-futur-imaginer-lile-doleron-de-2070\/"},"wordCount":2900,"publisher":{"@id":"https:\/\/tatataaaaa.com\/newklima\/#organization"},"image":{"@id":"https:\/\/tatataaaaa.com\/newklima\/retour-sur-un-futur-imaginer-lile-doleron-de-2070\/#primaryimage"},"thumbnailUrl":"https:\/\/tatataaaaa.com\/newklima\/wp-content\/uploads\/2019\/03\/Klima_Collections03.jpg","articleSection":["Articles"],"inLanguage":"fr-FR"},{"@type":"WebPage","@id":"https:\/\/tatataaaaa.com\/newklima\/retour-sur-un-futur-imaginer-lile-doleron-de-2070\/","url":"https:\/\/tatataaaaa.com\/newklima\/retour-sur-un-futur-imaginer-lile-doleron-de-2070\/","name":"Retour sur un futur","isPartOf":{"@id":"https:\/\/tatataaaaa.com\/newklima\/#website"},"primaryImageOfPage":{"@id":"https:\/\/tatataaaaa.com\/newklima\/retour-sur-un-futur-imaginer-lile-doleron-de-2070\/#primaryimage"},"image":{"@id":"https:\/\/tatataaaaa.com\/newklima\/retour-sur-un-futur-imaginer-lile-doleron-de-2070\/#primaryimage"},"thumbnailUrl":"https:\/\/tatataaaaa.com\/newklima\/wp-content\/uploads\/2019\/03\/Klima_Collections03.jpg","datePublished":"2019-03-05T18:44:36+00:00","dateModified":"2023-03-15T10:54:35+00:00","breadcrumb":{"@id":"https:\/\/tatataaaaa.com\/newklima\/retour-sur-un-futur-imaginer-lile-doleron-de-2070\/#breadcrumb"},"inLanguage":"fr-FR","potentialAction":[{"@type":"ReadAction","target":["https:\/\/tatataaaaa.com\/newklima\/retour-sur-un-futur-imaginer-lile-doleron-de-2070\/"]}]},{"@type":"ImageObject","inLanguage":"fr-FR","@id":"https:\/\/tatataaaaa.com\/newklima\/retour-sur-un-futur-imaginer-lile-doleron-de-2070\/#primaryimage","url":"https:\/\/tatataaaaa.com\/newklima\/wp-content\/uploads\/2019\/03\/Klima_Collections03.jpg","contentUrl":"https:\/\/tatataaaaa.com\/newklima\/wp-content\/uploads\/2019\/03\/Klima_Collections03.jpg","width":1800,"height":1196},{"@type":"BreadcrumbList","@id":"https:\/\/tatataaaaa.com\/newklima\/retour-sur-un-futur-imaginer-lile-doleron-de-2070\/#breadcrumb","itemListElement":[{"@type":"ListItem","position":1,"name":"Home","item":"https:\/\/tatataaaaa.com\/newklima\/"},{"@type":"ListItem","position":2,"name":"Retour sur un futur"}]},{"@type":"WebSite","@id":"https:\/\/tatataaaaa.com\/newklima\/#website","url":"https:\/\/tatataaaaa.com\/newklima\/","name":"Atelier Klima","description":"Adaptation littorale au changement climatique","publisher":{"@id":"https:\/\/tatataaaaa.com\/newklima\/#organization"},"potentialAction":[{"@type":"SearchAction","target":{"@type":"EntryPoint","urlTemplate":"https:\/\/tatataaaaa.com\/newklima\/?s={search_term_string}"},"query-input":{"@type":"PropertyValueSpecification","valueRequired":true,"valueName":"search_term_string"}}],"inLanguage":"fr-FR"},{"@type":"Organization","@id":"https:\/\/tatataaaaa.com\/newklima\/#organization","name":"Atelier Klima","url":"https:\/\/tatataaaaa.com\/newklima\/","logo":{"@type":"ImageObject","inLanguage":"fr-FR","@id":"https:\/\/tatataaaaa.com\/newklima\/#\/schema\/logo\/image\/","url":"https:\/\/tatataaaaa.com\/newklima\/wp-content\/uploads\/2019\/03\/klima-ong-favicon.gif","contentUrl":"https:\/\/tatataaaaa.com\/newklima\/wp-content\/uploads\/2019\/03\/klima-ong-favicon.gif","width":512,"height":512,"caption":"Atelier Klima"},"image":{"@id":"https:\/\/tatataaaaa.com\/newklima\/#\/schema\/logo\/image\/"},"sameAs":["https:\/\/x.com\/Klima_ONG","https:\/\/www.instagram.com\/sophiedulau\/"]},{"@type":"Person","@id":"https:\/\/tatataaaaa.com\/newklima\/#\/schema\/person\/1e3333c30716023852de3982ecb706b8","name":"Hortense Goupil","image":{"@type":"ImageObject","inLanguage":"fr-FR","@id":"https:\/\/tatataaaaa.com\/newklima\/#\/schema\/person\/image\/","url":"https:\/\/secure.gravatar.com\/avatar\/1ff4fcbd760158a49536993647d2706d?s=96&d=mm&r=g","contentUrl":"https:\/\/secure.gravatar.com\/avatar\/1ff4fcbd760158a49536993647d2706d?s=96&d=mm&r=g","caption":"Hortense Goupil"},"description":"Apre\u0300s une classe pre\u0301paratoire litte\u0301raire, Hortense Goupil obtient une licence a\u0300 l\u2019ENSA Normandie puis inte\u0300gre le Master Me\u0301tropoles pe\u0301dagogiquement dirige\u0301 par David Mangin a\u0300 l\u2019EAVT Marne-la-Valle\u0301e. Elle travaille de\u0301sormais au sein de l\u2019agence de paysage D\u2019ici la\u0300.","url":"https:\/\/tatataaaaa.com\/newklima\/author\/hortense-goupil\/"}]}},"_links":{"self":[{"href":"https:\/\/tatataaaaa.com\/newklima\/wp-json\/wp\/v2\/posts\/142","targetHints":{"allow":["GET"]}}],"collection":[{"href":"https:\/\/tatataaaaa.com\/newklima\/wp-json\/wp\/v2\/posts"}],"about":[{"href":"https:\/\/tatataaaaa.com\/newklima\/wp-json\/wp\/v2\/types\/post"}],"author":[{"embeddable":true,"href":"https:\/\/tatataaaaa.com\/newklima\/wp-json\/wp\/v2\/users\/6"}],"replies":[{"embeddable":true,"href":"https:\/\/tatataaaaa.com\/newklima\/wp-json\/wp\/v2\/comments?post=142"}],"version-history":[{"count":19,"href":"https:\/\/tatataaaaa.com\/newklima\/wp-json\/wp\/v2\/posts\/142\/revisions"}],"predecessor-version":[{"id":3853,"href":"https:\/\/tatataaaaa.com\/newklima\/wp-json\/wp\/v2\/posts\/142\/revisions\/3853"}],"wp:featuredmedia":[{"embeddable":true,"href":"https:\/\/tatataaaaa.com\/newklima\/wp-json\/wp\/v2\/media\/195"}],"wp:attachment":[{"href":"https:\/\/tatataaaaa.com\/newklima\/wp-json\/wp\/v2\/media?parent=142"}],"wp:term":[{"taxonomy":"category","embeddable":true,"href":"https:\/\/tatataaaaa.com\/newklima\/wp-json\/wp\/v2\/categories?post=142"},{"taxonomy":"post_tag","embeddable":true,"href":"https:\/\/tatataaaaa.com\/newklima\/wp-json\/wp\/v2\/tags?post=142"}],"curies":[{"name":"wp","href":"https:\/\/api.w.org\/{rel}","templated":true}]}}